{"id":12000,"date":"2021-05-31T14:17:32","date_gmt":"2021-05-31T14:17:32","guid":{"rendered":"http:\/\/localhost\/themes\/unicon\/?p=12000"},"modified":"2023-05-31T23:23:17","modified_gmt":"2023-05-31T23:23:17","slug":"con-vision-integradora-escuchando-a-la-comunidad-educativa","status":"publish","type":"post","link":"https:\/\/ivonnenahoe.cl\/?p=12000","title":{"rendered":"CON VISION INTEGRADORA, ESCUCHANDO A LA COMUNIDAD EDUCATIVA."},"content":{"rendered":"<p>Esta semana tuve el privilegio de reunirme con los docentes de los colegios Colegio Cat\u00f3lico Hermano Eugenio Eyraud y San Sabasti\u00e1n de Akivi. Una constructiva reuni\u00f3n que permiti\u00f3 conocer sus inquietudes y seguir ideando una mejor educaci\u00f3n para nuestros ni\u00f1os y j\u00f3venes. Una visi\u00f3n integradora entre la educaci\u00f3n municipal y la subvencionada! Haz Posible el Cambio!!!<\/p>\n","protected":false},"excerpt":{"rendered":"<p>Esta semana tuve el privilegio de reunirme con los docentes de los colegios Colegio Cat\u00f3lico Hermano Eugenio Eyraud y San Sabasti\u00e1n de Akivi. Una constructiva reuni\u00f3n que permiti\u00f3 conocer sus inquietudes y seguir ideando una mejor educaci\u00f3n para nuestros ni\u00f1os y j\u00f3venes. Una visi\u00f3n integradora entre la educaci\u00f3n municipal y la subvencionada! Haz Posible el Cambio!!!<\/p>\n","protected":false},"author":1,"featured_media":15462,"comment_status":"closed","ping_status":"closed","sticky":false,"template":"","format":"standard","meta":{"footnotes":""},"categories":[73],"tags":[],"class_list":["post-12000","post","type-post","status-publish","format-standard","has-post-thumbnail","hentry","category-noticias"],"_links":{"self":[{"href":"https:\/\/ivonnenahoe.cl\/index.php?rest_route=\/wp\/v2\/posts\/12000","targetHints":{"allow":["GET"]}}],"collection":[{"href":"https:\/\/ivonnenahoe.cl\/index.php?rest_route=\/wp\/v2\/posts"}],"about":[{"href":"https:\/\/ivonnenahoe.cl\/index.php?rest_route=\/wp\/v2\/types\/post"}],"author":[{"embeddable":true,"href":"https:\/\/ivonnenahoe.cl\/index.php?rest_route=\/wp\/v2\/users\/1"}],"replies":[{"embeddable":true,"href":"https:\/\/ivonnenahoe.cl\/index.php?rest_route=%2Fwp%2Fv2%2Fcomments&post=12000"}],"version-history":[{"count":2,"href":"https:\/\/ivonnenahoe.cl\/index.php?rest_route=\/wp\/v2\/posts\/12000\/revisions"}],"predecessor-version":[{"id":15464,"href":"https:\/\/ivonnenahoe.cl\/index.php?rest_route=\/wp\/v2\/posts\/12000\/revisions\/15464"}],"wp:featuredmedia":[{"embeddable":true,"href":"https:\/\/ivonnenahoe.cl\/index.php?rest_route=\/wp\/v2\/media\/15462"}],"wp:attachment":[{"href":"https:\/\/ivonnenahoe.cl\/index.php?rest_route=%2Fwp%2Fv2%2Fmedia&parent=12000"}],"wp:term":[{"taxonomy":"category","embeddable":true,"href":"https:\/\/ivonnenahoe.cl\/index.php?rest_route=%2Fwp%2Fv2%2Fcategories&post=12000"},{"taxonomy":"post_tag","embeddable":true,"href":"https:\/\/ivonnenahoe.cl\/index.php?rest_route=%2Fwp%2Fv2%2Ftags&post=12000"}],"curies":[{"name":"wp","href":"https:\/\/api.w.org\/{rel}","templated":true}]}}