{"id":15701,"date":"2021-05-31T23:16:48","date_gmt":"2021-05-31T23:16:48","guid":{"rendered":"https:\/\/ivonnenahoe.cl\/?p=15701"},"modified":"2023-06-01T00:27:18","modified_gmt":"2023-06-01T00:27:18","slug":"un-cambio-esperanzador","status":"publish","type":"post","link":"https:\/\/ivonnenahoe.cl\/?p=15701","title":{"rendered":"UN CAMBIO ESPERANZADOR!!!"},"content":{"rendered":"<p>[vc_row][vc_column][vc_column_text]Este domingo sent\u00ed alegr\u00eda y esperanza de compartir y acompa\u00f1ar, como pueblo unido, al nuevo directorio de nuestra Comunidad Ind\u00edgena Ma\u00fa Henua, con la disposici\u00f3n de trabajar unidos y seguir construyendo una mejor sociedad para todos.<\/p>\n<p>Sin lugar a dudas, la asamblea general de Ma\u2019u Henua, dirigida por este nuevo equipo de direcci\u00f3n ha demostrado que es posible iniciar una nueva gesti\u00f3n partiendo pr\u00e1cticamente de cero, siendo \u00e9sta una oportunidad para reorganizarnos y reencontrarnos, revitalizando el di\u00e1logo y los acuerdos para definir nuestra Visi\u00f3n de pueblo, haci\u00e9ndonos cargo del hoy y siendo responsables del futuro.<\/p>\n<p>El gran legado de Hotu Matu\u2019a est\u00e1 vivo en cada acorde de nuestros r\u00edu y se proyecta hacia las futuras generaciones, como referencia de fortaleza, trabajo mancomunado y sabidur\u00eda.<\/p>\n<p>Lista para seguir enfrentando estos tiempos de CAMBIO con compromiso y orgullo de ser Rapanui.<\/p>\n<p>HAZ POSIBLE EL CAMBIO!![\/vc_column_text][\/vc_column][\/vc_row][vc_row][vc_column width=\u00bb1\/3&#8243;][vc_single_image image=\u00bb15760&#8243; img_size=\u00bbfull\u00bb]<div class=\"spacer\" style=\"height: 40px;\"><\/div>[vc_single_image image=\u00bb15764&#8243; img_size=\u00bbfull\u00bb][\/vc_column][vc_column width=\u00bb1\/3&#8243;][vc_single_image image=\u00bb15762&#8243; img_size=\u00bbfull\u00bb]<div class=\"spacer\" style=\"height: 40px;\"><\/div>[vc_single_image image=\u00bb15765&#8243; img_size=\u00bbfull\u00bb][\/vc_column][vc_column width=\u00bb1\/3&#8243;][vc_single_image image=\u00bb15763&#8243; img_size=\u00bbfull\u00bb]<div class=\"spacer\" style=\"height: 40px;\"><\/div>[vc_single_image image=\u00bb15766&#8243; img_size=\u00bbfull\u00bb][\/vc_column][\/vc_row]<\/p>\n","protected":false},"excerpt":{"rendered":"<p>[vc_row][vc_column][vc_column_text]Este domingo sent\u00ed alegr\u00eda y esperanza de compartir y acompa\u00f1ar, como pueblo unido, al nuevo directorio de nuestra Comunidad Ind\u00edgena Ma\u00fa Henua, con la disposici\u00f3n de trabajar unidos y seguir construyendo una mejor sociedad para todos. Sin lugar a dudas, la asamblea general de Ma\u2019u Henua, dirigida por este nuevo equipo de direcci\u00f3n ha demostrado que es posible iniciar una nueva gesti\u00f3n partiendo pr\u00e1cticamente de cero, siendo \u00e9sta una oportunidad para reorganizarnos y reencontrarnos, revitalizando el di\u00e1logo y los acuerdos para definir nuestra Visi\u00f3n de pueblo, haci\u00e9ndonos cargo del hoy y siendo responsables del futuro. El gran legado de Hotu Matu\u2019a est\u00e1 vivo en cada acorde de nuestros r\u00edu y se proyecta hacia las futuras generaciones, como referencia de fortaleza, trabajo mancomunado y sabidur\u00eda. Lista para seguir enfrentando estos tiempos de CAMBIO con compromiso y orgullo de ser Rapanui. HAZ POSIBLE EL CAMBIO!![\/vc_column_text][\/vc_column][\/vc_row][vc_row][vc_column width=\u00bb1\/3&#8243;][vc_single_image image=\u00bb15760&#8243; img_size=\u00bbfull\u00bb][vc_single_image image=\u00bb15764&#8243; img_size=\u00bbfull\u00bb][\/vc_column][vc_column width=\u00bb1\/3&#8243;][vc_single_image image=\u00bb15762&#8243; img_size=\u00bbfull\u00bb][vc_single_image image=\u00bb15765&#8243; img_size=\u00bbfull\u00bb][\/vc_column][vc_column width=\u00bb1\/3&#8243;][vc_single_image image=\u00bb15763&#8243; img_size=\u00bbfull\u00bb][vc_single_image image=\u00bb15766&#8243; img_size=\u00bbfull\u00bb][\/vc_column][\/vc_row]<\/p>\n","protected":false},"author":1,"featured_media":15495,"comment_status":"closed","ping_status":"closed","sticky":false,"template":"","format":"standard","meta":{"footnotes":""},"categories":[73],"tags":[],"class_list":["post-15701","post","type-post","status-publish","format-standard","has-post-thumbnail","hentry","category-noticias"],"_links":{"self":[{"href":"https:\/\/ivonnenahoe.cl\/index.php?rest_route=\/wp\/v2\/posts\/15701","targetHints":{"allow":["GET"]}}],"collection":[{"href":"https:\/\/ivonnenahoe.cl\/index.php?rest_route=\/wp\/v2\/posts"}],"about":[{"href":"https:\/\/ivonnenahoe.cl\/index.php?rest_route=\/wp\/v2\/types\/post"}],"author":[{"embeddable":true,"href":"https:\/\/ivonnenahoe.cl\/index.php?rest_route=\/wp\/v2\/users\/1"}],"replies":[{"embeddable":true,"href":"https:\/\/ivonnenahoe.cl\/index.php?rest_route=%2Fwp%2Fv2%2Fcomments&post=15701"}],"version-history":[{"count":3,"href":"https:\/\/ivonnenahoe.cl\/index.php?rest_route=\/wp\/v2\/posts\/15701\/revisions"}],"predecessor-version":[{"id":15767,"href":"https:\/\/ivonnenahoe.cl\/index.php?rest_route=\/wp\/v2\/posts\/15701\/revisions\/15767"}],"wp:featuredmedia":[{"embeddable":true,"href":"https:\/\/ivonnenahoe.cl\/index.php?rest_route=\/wp\/v2\/media\/15495"}],"wp:attachment":[{"href":"https:\/\/ivonnenahoe.cl\/index.php?rest_route=%2Fwp%2Fv2%2Fmedia&parent=15701"}],"wp:term":[{"taxonomy":"category","embeddable":true,"href":"https:\/\/ivonnenahoe.cl\/index.php?rest_route=%2Fwp%2Fv2%2Fcategories&post=15701"},{"taxonomy":"post_tag","embeddable":true,"href":"https:\/\/ivonnenahoe.cl\/index.php?rest_route=%2Fwp%2Fv2%2Ftags&post=15701"}],"curies":[{"name":"wp","href":"https:\/\/api.w.org\/{rel}","templated":true}]}}