{"id":15707,"date":"2021-06-02T23:31:58","date_gmt":"2021-06-02T23:31:58","guid":{"rendered":"https:\/\/ivonnenahoe.cl\/?p=15707"},"modified":"2023-06-01T00:27:05","modified_gmt":"2023-06-01T00:27:05","slug":"la-voz-de-un-sabio","status":"publish","type":"post","link":"https:\/\/ivonnenahoe.cl\/?p=15707","title":{"rendered":"LA VOZ DE UN SABIO."},"content":{"rendered":"<p>[vc_row][vc_column][vc_column_text]Felipe Nahoe es el Presidente del Consejo del Mar. Su opini\u00f3n es muy valiosa e importante, porque est\u00e1 respaldada por una trayectoria intachable y por su trabajo de a\u00f1os en la comunidad.Su sue\u00f1o ha sido traer al presente, de regreso, nuestra cosmovisi\u00f3n ancestral, respetuosa de la naturaleza y del ser humano.Agradecida por su respaldo y testimonio por el Cambio!!!<\/p>\n<figure class=\"wp-block-embed-youtube wp-block-embed is-type-video is-provider-youtube wp-embed-aspect-16-9 wp-has-aspect-ratio\">\n<div class=\"wp-block-embed__wrapper\">\n<p class=\"responsive-video-wrap clr\">\n<\/div>\n<\/figure>\n<p>[\/vc_column_text][vc_video link=\u00bbhttps:\/\/youtu.be\/nP1gh8n-0Zo\u00bb][\/vc_column][\/vc_row]<\/p>\n","protected":false},"excerpt":{"rendered":"<p>[vc_row][vc_column][vc_column_text]Felipe Nahoe es el Presidente del Consejo del Mar. Su opini\u00f3n es muy valiosa e importante, porque est\u00e1 respaldada por una trayectoria intachable y por su trabajo de a\u00f1os en la comunidad.Su sue\u00f1o ha sido traer al presente, de regreso, nuestra cosmovisi\u00f3n ancestral, respetuosa de la naturaleza y del ser humano.Agradecida por su respaldo y testimonio por el Cambio!!! [\/vc_column_text][vc_video link=\u00bbhttps:\/\/youtu.be\/nP1gh8n-0Zo\u00bb][\/vc_column][\/vc_row]<\/p>\n","protected":false},"author":1,"featured_media":15708,"comment_status":"closed","ping_status":"closed","sticky":false,"template":"","format":"standard","meta":{"footnotes":""},"categories":[73],"tags":[],"class_list":["post-15707","post","type-post","status-publish","format-standard","has-post-thumbnail","hentry","category-noticias"],"_links":{"self":[{"href":"https:\/\/ivonnenahoe.cl\/index.php?rest_route=\/wp\/v2\/posts\/15707","targetHints":{"allow":["GET"]}}],"collection":[{"href":"https:\/\/ivonnenahoe.cl\/index.php?rest_route=\/wp\/v2\/posts"}],"about":[{"href":"https:\/\/ivonnenahoe.cl\/index.php?rest_route=\/wp\/v2\/types\/post"}],"author":[{"embeddable":true,"href":"https:\/\/ivonnenahoe.cl\/index.php?rest_route=\/wp\/v2\/users\/1"}],"replies":[{"embeddable":true,"href":"https:\/\/ivonnenahoe.cl\/index.php?rest_route=%2Fwp%2Fv2%2Fcomments&post=15707"}],"version-history":[{"count":1,"href":"https:\/\/ivonnenahoe.cl\/index.php?rest_route=\/wp\/v2\/posts\/15707\/revisions"}],"predecessor-version":[{"id":15709,"href":"https:\/\/ivonnenahoe.cl\/index.php?rest_route=\/wp\/v2\/posts\/15707\/revisions\/15709"}],"wp:featuredmedia":[{"embeddable":true,"href":"https:\/\/ivonnenahoe.cl\/index.php?rest_route=\/wp\/v2\/media\/15708"}],"wp:attachment":[{"href":"https:\/\/ivonnenahoe.cl\/index.php?rest_route=%2Fwp%2Fv2%2Fmedia&parent=15707"}],"wp:term":[{"taxonomy":"category","embeddable":true,"href":"https:\/\/ivonnenahoe.cl\/index.php?rest_route=%2Fwp%2Fv2%2Fcategories&post=15707"},{"taxonomy":"post_tag","embeddable":true,"href":"https:\/\/ivonnenahoe.cl\/index.php?rest_route=%2Fwp%2Fv2%2Ftags&post=15707"}],"curies":[{"name":"wp","href":"https:\/\/api.w.org\/{rel}","templated":true}]}}