{"id":15710,"date":"2021-05-01T23:32:41","date_gmt":"2021-05-01T23:32:41","guid":{"rendered":"https:\/\/ivonnenahoe.cl\/?p=15710"},"modified":"2023-06-01T00:27:35","modified_gmt":"2023-06-01T00:27:35","slug":"cada-dia-mas-cerca-del-cambio-entrevista-en-mata-o-te-rapa-nui","status":"publish","type":"post","link":"https:\/\/ivonnenahoe.cl\/?p=15710","title":{"rendered":"CADA DIA MAS CERCA DEL CAMBIO!!! ENTREVISTA EN MATA O TE RAPA NUI"},"content":{"rendered":"<p>[vc_row][vc_column][vc_column_text]El martes 27 de abril, di una extensa entrevista en el canal local. Fue una buena oportunidad para compartir con toda la comunidad, parte de los ejes propuestos como base de mi plan de desarrollo comunal. Lo que comenz\u00f3 siendo una invitaci\u00f3n a debatir frente a los otros dos candidatos varones, termin\u00f3 siendo una sincera entrevista, dando respuestas a las preguntas enviadas por la ciudadan\u00eda. Los invito a escuchar la entrevista este viernes 30, a las 21:00 horas y el domingo 2 de mayo a las 20:00 hrs., por las pantallas de Mata OTe Rapa Nui. Acomp\u00e1\u00f1enme y Hagamos Posible el Cambio!!![\/vc_column_text][\/vc_column][\/vc_row][vc_row][vc_column width=\u00bb1\/3&#8243;][vc_single_image image=\u00bb15712&#8243; img_size=\u00bbfull\u00bb][\/vc_column][vc_column width=\u00bb1\/3&#8243;][vc_single_image image=\u00bb15713&#8243; img_size=\u00bbfull\u00bb][\/vc_column][vc_column width=\u00bb1\/3&#8243;][vc_single_image image=\u00bb15714&#8243; img_size=\u00bbfull\u00bb][\/vc_column][\/vc_row]<\/p>\n","protected":false},"excerpt":{"rendered":"<p>[vc_row][vc_column][vc_column_text]El martes 27 de abril, di una extensa entrevista en el canal local. Fue una buena oportunidad para compartir con toda la comunidad, parte de los ejes propuestos como base de mi plan de desarrollo comunal. Lo que comenz\u00f3 siendo una invitaci\u00f3n a debatir frente a los otros dos candidatos varones, termin\u00f3 siendo una sincera entrevista, dando respuestas a las preguntas enviadas por la ciudadan\u00eda. Los invito a escuchar la entrevista este viernes 30, a las 21:00 horas y el domingo 2 de mayo a las 20:00 hrs., por las pantallas de Mata OTe Rapa Nui. Acomp\u00e1\u00f1enme y Hagamos Posible el Cambio!!![\/vc_column_text][\/vc_column][\/vc_row][vc_row][vc_column width=\u00bb1\/3&#8243;][vc_single_image image=\u00bb15712&#8243; img_size=\u00bbfull\u00bb][\/vc_column][vc_column width=\u00bb1\/3&#8243;][vc_single_image image=\u00bb15713&#8243; img_size=\u00bbfull\u00bb][\/vc_column][vc_column width=\u00bb1\/3&#8243;][vc_single_image image=\u00bb15714&#8243; img_size=\u00bbfull\u00bb][\/vc_column][\/vc_row]<\/p>\n","protected":false},"author":1,"featured_media":15711,"comment_status":"closed","ping_status":"closed","sticky":false,"template":"","format":"standard","meta":{"footnotes":""},"categories":[73],"tags":[],"class_list":["post-15710","post","type-post","status-publish","format-standard","has-post-thumbnail","hentry","category-noticias"],"_links":{"self":[{"href":"https:\/\/ivonnenahoe.cl\/index.php?rest_route=\/wp\/v2\/posts\/15710","targetHints":{"allow":["GET"]}}],"collection":[{"href":"https:\/\/ivonnenahoe.cl\/index.php?rest_route=\/wp\/v2\/posts"}],"about":[{"href":"https:\/\/ivonnenahoe.cl\/index.php?rest_route=\/wp\/v2\/types\/post"}],"author":[{"embeddable":true,"href":"https:\/\/ivonnenahoe.cl\/index.php?rest_route=\/wp\/v2\/users\/1"}],"replies":[{"embeddable":true,"href":"https:\/\/ivonnenahoe.cl\/index.php?rest_route=%2Fwp%2Fv2%2Fcomments&post=15710"}],"version-history":[{"count":1,"href":"https:\/\/ivonnenahoe.cl\/index.php?rest_route=\/wp\/v2\/posts\/15710\/revisions"}],"predecessor-version":[{"id":15715,"href":"https:\/\/ivonnenahoe.cl\/index.php?rest_route=\/wp\/v2\/posts\/15710\/revisions\/15715"}],"wp:featuredmedia":[{"embeddable":true,"href":"https:\/\/ivonnenahoe.cl\/index.php?rest_route=\/wp\/v2\/media\/15711"}],"wp:attachment":[{"href":"https:\/\/ivonnenahoe.cl\/index.php?rest_route=%2Fwp%2Fv2%2Fmedia&parent=15710"}],"wp:term":[{"taxonomy":"category","embeddable":true,"href":"https:\/\/ivonnenahoe.cl\/index.php?rest_route=%2Fwp%2Fv2%2Fcategories&post=15710"},{"taxonomy":"post_tag","embeddable":true,"href":"https:\/\/ivonnenahoe.cl\/index.php?rest_route=%2Fwp%2Fv2%2Ftags&post=15710"}],"curies":[{"name":"wp","href":"https:\/\/api.w.org\/{rel}","templated":true}]}}