{"id":15721,"date":"2021-03-07T23:43:55","date_gmt":"2021-03-07T23:43:55","guid":{"rendered":"https:\/\/ivonnenahoe.cl\/?p=15721"},"modified":"2023-06-01T00:28:51","modified_gmt":"2023-06-01T00:28:51","slug":"primera-entrevista-en-diario-la-quinta","status":"publish","type":"post","link":"https:\/\/ivonnenahoe.cl\/?p=15721","title":{"rendered":"Primera entrevista en diario La Quinta"},"content":{"rendered":"<p>[vc_row][vc_column width=\u00bb1\/1&#8243;][vc_column_text]<\/p>\n<h2 class=\"title\">Ivonne Nahoe, candidata a alcaldesa Rapa Nui: \u201cTenemos un liderazgo masculino de tres d\u00e9cadas con una visi\u00f3n que no se condice con los nuevos tiempos\u201d<\/h2>\n<p>\u201cSoy candidata a Alcaldesa de Rapa Nui y estoy muy motivada para generar los cambios que la isla necesita\u201d. Con estas palabras se presenta Josefina Ivonne Nahoe Zamora al comenzar una distendida conversaci\u00f3n sobre sus motivaciones para liderar una comuna cuya administraci\u00f3n, como ocurre en muchos otros territorios de nuestro pa\u00eds, ha estado hist\u00f3ricamente encabezada por hombres. \u201cTenemos un liderazgo masculino de tres d\u00e9cadas con una visi\u00f3n que no se condice con los nuevos tiempos\u201d, reflexiona la candidata independiente&#8230;..[\/vc_column_text][\/vc_column][\/vc_row][vc_row][vc_column width=\u00bb1\/1&#8243;][vc_btn title=\u00bbIr a la noticia\u00bb link=\u00bburl:https%3A%2F%2Fdiariolaquinta.cl%2F2021%2F03%2F03%2Fivonne-nahoe-candidata-a-alcaldesa-rapa-nui-tenemos-un-liderazgo-masculino-de-tres-decadas-con-una-vision-que-no-se-condice-con-los-nuevos-tiempos%2F\u00bb][\/vc_column][\/vc_row]<\/p>\n","protected":false},"excerpt":{"rendered":"<p>[vc_row][vc_column width=\u00bb1\/1&#8243;][vc_column_text] Ivonne Nahoe, candidata a alcaldesa Rapa Nui: \u201cTenemos un liderazgo masculino de tres d\u00e9cadas con una visi\u00f3n que no se condice con los nuevos tiempos\u201d \u201cSoy candidata a Alcaldesa de Rapa Nui y estoy muy motivada para generar los cambios que la isla necesita\u201d. Con estas palabras se presenta Josefina Ivonne Nahoe Zamora al comenzar una distendida conversaci\u00f3n sobre sus motivaciones para liderar una comuna cuya administraci\u00f3n, como ocurre en muchos otros territorios de nuestro pa\u00eds, ha estado hist\u00f3ricamente encabezada por hombres. \u201cTenemos un liderazgo masculino de tres d\u00e9cadas con una visi\u00f3n que no se condice con los nuevos tiempos\u201d, reflexiona la candidata independiente&#8230;..[\/vc_column_text][\/vc_column][\/vc_row][vc_row][vc_column width=\u00bb1\/1&#8243;][vc_btn title=\u00bbIr a la noticia\u00bb link=\u00bburl:https%3A%2F%2Fdiariolaquinta.cl%2F2021%2F03%2F03%2Fivonne-nahoe-candidata-a-alcaldesa-rapa-nui-tenemos-un-liderazgo-masculino-de-tres-decadas-con-una-vision-que-no-se-condice-con-los-nuevos-tiempos%2F\u00bb][\/vc_column][\/vc_row]<\/p>\n","protected":false},"author":1,"featured_media":15722,"comment_status":"closed","ping_status":"closed","sticky":false,"template":"","format":"standard","meta":{"footnotes":""},"categories":[73],"tags":[],"class_list":["post-15721","post","type-post","status-publish","format-standard","has-post-thumbnail","hentry","category-noticias"],"_links":{"self":[{"href":"https:\/\/ivonnenahoe.cl\/index.php?rest_route=\/wp\/v2\/posts\/15721","targetHints":{"allow":["GET"]}}],"collection":[{"href":"https:\/\/ivonnenahoe.cl\/index.php?rest_route=\/wp\/v2\/posts"}],"about":[{"href":"https:\/\/ivonnenahoe.cl\/index.php?rest_route=\/wp\/v2\/types\/post"}],"author":[{"embeddable":true,"href":"https:\/\/ivonnenahoe.cl\/index.php?rest_route=\/wp\/v2\/users\/1"}],"replies":[{"embeddable":true,"href":"https:\/\/ivonnenahoe.cl\/index.php?rest_route=%2Fwp%2Fv2%2Fcomments&post=15721"}],"version-history":[{"count":2,"href":"https:\/\/ivonnenahoe.cl\/index.php?rest_route=\/wp\/v2\/posts\/15721\/revisions"}],"predecessor-version":[{"id":15724,"href":"https:\/\/ivonnenahoe.cl\/index.php?rest_route=\/wp\/v2\/posts\/15721\/revisions\/15724"}],"wp:featuredmedia":[{"embeddable":true,"href":"https:\/\/ivonnenahoe.cl\/index.php?rest_route=\/wp\/v2\/media\/15722"}],"wp:attachment":[{"href":"https:\/\/ivonnenahoe.cl\/index.php?rest_route=%2Fwp%2Fv2%2Fmedia&parent=15721"}],"wp:term":[{"taxonomy":"category","embeddable":true,"href":"https:\/\/ivonnenahoe.cl\/index.php?rest_route=%2Fwp%2Fv2%2Fcategories&post=15721"},{"taxonomy":"post_tag","embeddable":true,"href":"https:\/\/ivonnenahoe.cl\/index.php?rest_route=%2Fwp%2Fv2%2Ftags&post=15721"}],"curies":[{"name":"wp","href":"https:\/\/api.w.org\/{rel}","templated":true}]}}