{"id":15729,"date":"2021-04-11T23:55:49","date_gmt":"2021-04-11T23:55:49","guid":{"rendered":"https:\/\/ivonnenahoe.cl\/?p=15729"},"modified":"2023-06-01T00:27:49","modified_gmt":"2023-06-01T00:27:49","slug":"moa-mau-la-voz-de-los-jovenes-visionarios","status":"publish","type":"post","link":"https:\/\/ivonnenahoe.cl\/?p=15729","title":{"rendered":"MO\u2019A MAU: LA VOZ DE LOS J\u00d3VENES VISIONARIOS!!!"},"content":{"rendered":"<p>Ha sido uno de los encuentros m\u00e1s significativos.Ellos son j\u00f3venes activistas y su voz debe ser escuchada, pues son quienes ya est\u00e1n haciendo notables esfuerzos por mejorar Rapa Nui, su naturaleza, su gente, su calidad de vida.Pensamientos, voluntades, acciones simples y llenas de ganas de cambiar nuestras consciencias.Por ellos, Para ellos y Con ellos\u2026 HAZ POSIBLE EL CAMBIO!!!<\/p>\n","protected":false},"excerpt":{"rendered":"<p>Ha sido uno de los encuentros m\u00e1s significativos.Ellos son j\u00f3venes activistas y su voz debe ser escuchada, pues son quienes ya est\u00e1n haciendo notables esfuerzos por mejorar Rapa Nui, su naturaleza, su gente, su calidad de vida.Pensamientos, voluntades, acciones simples y llenas de ganas de cambiar nuestras consciencias.Por ellos, Para ellos y Con ellos\u2026 HAZ POSIBLE EL CAMBIO!!!<\/p>\n","protected":false},"author":1,"featured_media":15730,"comment_status":"closed","ping_status":"closed","sticky":false,"template":"","format":"standard","meta":{"footnotes":""},"categories":[73],"tags":[],"class_list":["post-15729","post","type-post","status-publish","format-standard","has-post-thumbnail","hentry","category-noticias"],"_links":{"self":[{"href":"https:\/\/ivonnenahoe.cl\/index.php?rest_route=\/wp\/v2\/posts\/15729","targetHints":{"allow":["GET"]}}],"collection":[{"href":"https:\/\/ivonnenahoe.cl\/index.php?rest_route=\/wp\/v2\/posts"}],"about":[{"href":"https:\/\/ivonnenahoe.cl\/index.php?rest_route=\/wp\/v2\/types\/post"}],"author":[{"embeddable":true,"href":"https:\/\/ivonnenahoe.cl\/index.php?rest_route=\/wp\/v2\/users\/1"}],"replies":[{"embeddable":true,"href":"https:\/\/ivonnenahoe.cl\/index.php?rest_route=%2Fwp%2Fv2%2Fcomments&post=15729"}],"version-history":[{"count":1,"href":"https:\/\/ivonnenahoe.cl\/index.php?rest_route=\/wp\/v2\/posts\/15729\/revisions"}],"predecessor-version":[{"id":15731,"href":"https:\/\/ivonnenahoe.cl\/index.php?rest_route=\/wp\/v2\/posts\/15729\/revisions\/15731"}],"wp:featuredmedia":[{"embeddable":true,"href":"https:\/\/ivonnenahoe.cl\/index.php?rest_route=\/wp\/v2\/media\/15730"}],"wp:attachment":[{"href":"https:\/\/ivonnenahoe.cl\/index.php?rest_route=%2Fwp%2Fv2%2Fmedia&parent=15729"}],"wp:term":[{"taxonomy":"category","embeddable":true,"href":"https:\/\/ivonnenahoe.cl\/index.php?rest_route=%2Fwp%2Fv2%2Fcategories&post=15729"},{"taxonomy":"post_tag","embeddable":true,"href":"https:\/\/ivonnenahoe.cl\/index.php?rest_route=%2Fwp%2Fv2%2Ftags&post=15729"}],"curies":[{"name":"wp","href":"https:\/\/api.w.org\/{rel}","templated":true}]}}