{"id":15732,"date":"2021-04-11T23:58:23","date_gmt":"2021-04-11T23:58:23","guid":{"rendered":"https:\/\/ivonnenahoe.cl\/?p=15732"},"modified":"2023-06-01T00:27:41","modified_gmt":"2023-06-01T00:27:41","slug":"abordando-desde-la-comprension-el-medio-ambiente-patrimonio-y-derecho-del-pueblo-rapa-nui","status":"publish","type":"post","link":"https:\/\/ivonnenahoe.cl\/?p=15732","title":{"rendered":"ABORDANDO DESDE LA COMPRENSI\u00d3N EL MEDIO AMBIENTE, PATRIMONIO Y DERECHO DEL PUEBLO RAPA NUI."},"content":{"rendered":"<p>[vc_row][vc_column width=\u00bb1\/2&#8243;][vc_column_text]Abordar las tem\u00e1ticas medioambientales insulares, requiere de un entendimiento m\u00ednimo de las din\u00e1micas locales. Feliz, recordando el Diplomado en Patrimonio, Medio Ambiente y Derechos del Pueblo Rapa Nui, dictado por la Pontificia Universidad Cat\u00f3lica de Valpara\u00edso, al que asist\u00ed el 2018.Agradecida de los conocimientos adquiridos y de la retroalimentaci\u00f3n generada con todos mis compa\u00f1eros rapanui, continentales residentes, expertos asistentes. IVONNE NAHOE ZAMORACANDIDATA A ALCALDESADE RAPA NUI.[\/vc_column_text][\/vc_column][vc_column width=\u00bb1\/2&#8243;][vc_single_image image=\u00bb15733&#8243;][\/vc_column][\/vc_row]<\/p>\n","protected":false},"excerpt":{"rendered":"<p>[vc_row][vc_column width=\u00bb1\/2&#8243;][vc_column_text]Abordar las tem\u00e1ticas medioambientales insulares, requiere de un entendimiento m\u00ednimo de las din\u00e1micas locales. Feliz, recordando el Diplomado en Patrimonio, Medio Ambiente y Derechos del Pueblo Rapa Nui, dictado por la Pontificia Universidad Cat\u00f3lica de Valpara\u00edso, al que asist\u00ed el 2018.Agradecida de los conocimientos adquiridos y de la retroalimentaci\u00f3n generada con todos mis compa\u00f1eros rapanui, continentales residentes, expertos asistentes. IVONNE NAHOE ZAMORACANDIDATA A ALCALDESADE RAPA NUI.[\/vc_column_text][\/vc_column][vc_column width=\u00bb1\/2&#8243;][vc_single_image image=\u00bb15733&#8243;][\/vc_column][\/vc_row]<\/p>\n","protected":false},"author":1,"featured_media":15734,"comment_status":"closed","ping_status":"closed","sticky":false,"template":"","format":"standard","meta":{"footnotes":""},"categories":[73],"tags":[],"class_list":["post-15732","post","type-post","status-publish","format-standard","has-post-thumbnail","hentry","category-noticias"],"_links":{"self":[{"href":"https:\/\/ivonnenahoe.cl\/index.php?rest_route=\/wp\/v2\/posts\/15732","targetHints":{"allow":["GET"]}}],"collection":[{"href":"https:\/\/ivonnenahoe.cl\/index.php?rest_route=\/wp\/v2\/posts"}],"about":[{"href":"https:\/\/ivonnenahoe.cl\/index.php?rest_route=\/wp\/v2\/types\/post"}],"author":[{"embeddable":true,"href":"https:\/\/ivonnenahoe.cl\/index.php?rest_route=\/wp\/v2\/users\/1"}],"replies":[{"embeddable":true,"href":"https:\/\/ivonnenahoe.cl\/index.php?rest_route=%2Fwp%2Fv2%2Fcomments&post=15732"}],"version-history":[{"count":1,"href":"https:\/\/ivonnenahoe.cl\/index.php?rest_route=\/wp\/v2\/posts\/15732\/revisions"}],"predecessor-version":[{"id":15735,"href":"https:\/\/ivonnenahoe.cl\/index.php?rest_route=\/wp\/v2\/posts\/15732\/revisions\/15735"}],"wp:featuredmedia":[{"embeddable":true,"href":"https:\/\/ivonnenahoe.cl\/index.php?rest_route=\/wp\/v2\/media\/15734"}],"wp:attachment":[{"href":"https:\/\/ivonnenahoe.cl\/index.php?rest_route=%2Fwp%2Fv2%2Fmedia&parent=15732"}],"wp:term":[{"taxonomy":"category","embeddable":true,"href":"https:\/\/ivonnenahoe.cl\/index.php?rest_route=%2Fwp%2Fv2%2Fcategories&post=15732"},{"taxonomy":"post_tag","embeddable":true,"href":"https:\/\/ivonnenahoe.cl\/index.php?rest_route=%2Fwp%2Fv2%2Ftags&post=15732"}],"curies":[{"name":"wp","href":"https:\/\/api.w.org\/{rel}","templated":true}]}}