{"id":15781,"date":"2023-07-06T03:40:19","date_gmt":"2023-07-06T03:40:19","guid":{"rendered":"https:\/\/ivonnenahoe.cl\/?p=15781"},"modified":"2023-07-06T03:43:45","modified_gmt":"2023-07-06T03:43:45","slug":"mauru-uru-a-mi-pueblo-por-la-confianza-entregada","status":"publish","type":"post","link":"https:\/\/ivonnenahoe.cl\/?p=15781","title":{"rendered":"MAURU-URU  A MI PUEBLO POR LA CONFIANZA ENTREGADA!!"},"content":{"rendered":"<p>[vc_row][vc_column width=\u00bb1\/1&#8243;][vc_column_text]Me siento honrada de poder representar los intereses de mi pueblo en el Consejo de Carga Demogr\u00e1fica. Ser\u00e1 nuestra tarea, como \u00f3rgano colegiado, proteger nuestra isla, sus recursos y conservar nuestro patrimonio material e inmaterial, en la b\u00fasqueda del tan anhelado desarrollo sustentable que permita mejorar el presente y poyectar futuro para el bienestar de nuestra comunidad y las nuevas generaciones.[\/vc_column_text][\/vc_column][\/vc_row][vc_row][vc_column width=\u00bb1\/3&#8243;][vc_single_image image=\u00bb15789&#8243; img_size=\u00bblarge\u00bb][vc_single_image image=\u00bb15783&#8243; img_size=\u00bblarge\u00bb][vc_single_image image=\u00bb15784&#8243; img_size=\u00bblarge\u00bb][\/vc_column][vc_column width=\u00bb1\/3&#8243;][vc_single_image image=\u00bb15787&#8243; img_size=\u00bblarge\u00bb][vc_single_image image=\u00bb15786&#8243; img_size=\u00bblarge\u00bb][vc_single_image image=\u00bb15791&#8243; img_size=\u00bblarge\u00bb][\/vc_column][vc_column width=\u00bb1\/3&#8243;][vc_single_image image=\u00bb15790&#8243; img_size=\u00bblarge\u00bb][vc_single_image image=\u00bb15785&#8243; img_size=\u00bblarge\u00bb][vc_single_image image=\u00bb15793&#8243; img_size=\u00bblarge\u00bb][\/vc_column][\/vc_row]<\/p>\n","protected":false},"excerpt":{"rendered":"<p>[vc_row][vc_column width=\u00bb1\/1&#8243;][vc_column_text]Me siento honrada de poder representar los intereses de mi pueblo en el Consejo de Carga Demogr\u00e1fica. Ser\u00e1 nuestra tarea, como \u00f3rgano colegiado, proteger nuestra isla, sus recursos y conservar nuestro patrimonio material e inmaterial, en la b\u00fasqueda del tan anhelado desarrollo sustentable que permita mejorar el presente y poyectar futuro para el bienestar de nuestra comunidad y las nuevas generaciones.[\/vc_column_text][\/vc_column][\/vc_row][vc_row][vc_column width=\u00bb1\/3&#8243;][vc_single_image image=\u00bb15789&#8243; img_size=\u00bblarge\u00bb][vc_single_image image=\u00bb15783&#8243; img_size=\u00bblarge\u00bb][vc_single_image image=\u00bb15784&#8243; img_size=\u00bblarge\u00bb][\/vc_column][vc_column width=\u00bb1\/3&#8243;][vc_single_image image=\u00bb15787&#8243; img_size=\u00bblarge\u00bb][vc_single_image image=\u00bb15786&#8243; img_size=\u00bblarge\u00bb][vc_single_image image=\u00bb15791&#8243; img_size=\u00bblarge\u00bb][\/vc_column][vc_column width=\u00bb1\/3&#8243;][vc_single_image image=\u00bb15790&#8243; img_size=\u00bblarge\u00bb][vc_single_image image=\u00bb15785&#8243; img_size=\u00bblarge\u00bb][vc_single_image image=\u00bb15793&#8243; img_size=\u00bblarge\u00bb][\/vc_column][\/vc_row]<\/p>\n","protected":false},"author":1,"featured_media":15788,"comment_status":"closed","ping_status":"open","sticky":false,"template":"","format":"standard","meta":{"footnotes":""},"categories":[73],"tags":[],"class_list":["post-15781","post","type-post","status-publish","format-standard","has-post-thumbnail","hentry","category-noticias"],"_links":{"self":[{"href":"https:\/\/ivonnenahoe.cl\/index.php?rest_route=\/wp\/v2\/posts\/15781","targetHints":{"allow":["GET"]}}],"collection":[{"href":"https:\/\/ivonnenahoe.cl\/index.php?rest_route=\/wp\/v2\/posts"}],"about":[{"href":"https:\/\/ivonnenahoe.cl\/index.php?rest_route=\/wp\/v2\/types\/post"}],"author":[{"embeddable":true,"href":"https:\/\/ivonnenahoe.cl\/index.php?rest_route=\/wp\/v2\/users\/1"}],"replies":[{"embeddable":true,"href":"https:\/\/ivonnenahoe.cl\/index.php?rest_route=%2Fwp%2Fv2%2Fcomments&post=15781"}],"version-history":[{"count":3,"href":"https:\/\/ivonnenahoe.cl\/index.php?rest_route=\/wp\/v2\/posts\/15781\/revisions"}],"predecessor-version":[{"id":15796,"href":"https:\/\/ivonnenahoe.cl\/index.php?rest_route=\/wp\/v2\/posts\/15781\/revisions\/15796"}],"wp:featuredmedia":[{"embeddable":true,"href":"https:\/\/ivonnenahoe.cl\/index.php?rest_route=\/wp\/v2\/media\/15788"}],"wp:attachment":[{"href":"https:\/\/ivonnenahoe.cl\/index.php?rest_route=%2Fwp%2Fv2%2Fmedia&parent=15781"}],"wp:term":[{"taxonomy":"category","embeddable":true,"href":"https:\/\/ivonnenahoe.cl\/index.php?rest_route=%2Fwp%2Fv2%2Fcategories&post=15781"},{"taxonomy":"post_tag","embeddable":true,"href":"https:\/\/ivonnenahoe.cl\/index.php?rest_route=%2Fwp%2Fv2%2Ftags&post=15781"}],"curies":[{"name":"wp","href":"https:\/\/api.w.org\/{rel}","templated":true}]}}