{"id":15833,"date":"2024-08-05T20:15:24","date_gmt":"2024-08-05T20:15:24","guid":{"rendered":"https:\/\/ivonnenahoe.cl\/?p=15833"},"modified":"2024-08-26T20:15:57","modified_gmt":"2024-08-26T20:15:57","slug":"he-inscrito-mi-postulacion","status":"publish","type":"post","link":"https:\/\/ivonnenahoe.cl\/?p=15833","title":{"rendered":"\u00a1HE INSCRITO MI POSTULACI\u00d3N!"},"content":{"rendered":"<div class=\"xdj266r x11i5rnm xat24cr x1mh8g0r x1vvkbs x126k92a\">\n<div dir=\"auto\">Aroha Nui te Hoa Mau e<\/div>\n<div dir=\"auto\">Queridos vecinos y vecinas:<\/div>\n<\/div>\n<div class=\"x11i5rnm xat24cr x1mh8g0r x1vvkbs xtlvy1s x126k92a\">\n<div dir=\"auto\">\u00abSer\u00e1 un orgullo representar su voz en el concejo municipal\u00bb<\/div>\n<\/div>\n<div class=\"x11i5rnm xat24cr x1mh8g0r x1vvkbs xtlvy1s x126k92a\">\n<div dir=\"auto\">Con mucho cari\u00f1o y compromiso les anuncio que estoy inscrita para postular como concejal de nuestra querida comunidad de Rapa Nui. <span class=\"html-span xexx8yu x4uap5 x18d9i69 xkhd6sd x1hl2dhg x16tdsg8 x1vvkbs x3nfvp2 x1j61x8r x1fcty0u xdj266r xat24cr xgzva0m xhhsvwb xxymvpz xlup9mm x1kky2od\"><img loading=\"lazy\" decoding=\"async\" class=\"xz74otr\" src=\"https:\/\/static.xx.fbcdn.net\/images\/emoji.php\/v9\/t38\/2\/16\/1f33a.png\" alt=\"\ud83c\udf3a\" width=\"16\" height=\"16\" \/><\/span><\/div>\n<\/div>\n<div class=\"x11i5rnm xat24cr x1mh8g0r x1vvkbs xtlvy1s x126k92a\">\n<div dir=\"auto\">Ustedes ya me conocen, hemos trabajado en conjunto a lo largo de los a\u00f1os y estoy comprometida a seguir construyendo juntos, trabajando en terreno y escuchando las necesidades y sue\u00f1os de cada uno de ustedes.<\/div>\n<\/div>\n<div class=\"x11i5rnm xat24cr x1mh8g0r x1vvkbs xtlvy1s x126k92a\">\n<div dir=\"auto\">Hoy me comprometo a llevar su voz al concejo municipal para lograr respuesta y soluci\u00f3n a cada una de sus necesidades.<\/div>\n<\/div>\n<div class=\"x11i5rnm xat24cr x1mh8g0r x1vvkbs xtlvy1s x126k92a\">\n<div dir=\"auto\">\u00a1Hagamos de Rapa Nui un lugar a\u00fan mejor para todos! <span class=\"html-span xexx8yu x4uap5 x18d9i69 xkhd6sd x1hl2dhg x16tdsg8 x1vvkbs x3nfvp2 x1j61x8r x1fcty0u xdj266r xat24cr xgzva0m xhhsvwb xxymvpz xlup9mm x1kky2od\"><img loading=\"lazy\" decoding=\"async\" class=\"xz74otr\" src=\"https:\/\/static.xx.fbcdn.net\/images\/emoji.php\/v9\/tec\/2\/16\/1f5ff.png\" alt=\"\ud83d\uddff\" width=\"16\" height=\"16\" \/><\/span><\/div>\n<\/div>\n<div class=\"x11i5rnm xat24cr x1mh8g0r x1vvkbs xtlvy1s x126k92a\">\n<div dir=\"auto\">Mauru&#8217;uru!!!<\/div>\n<\/div>\n","protected":false},"excerpt":{"rendered":"<p>Aroha Nui te Hoa Mau e Queridos vecinos y vecinas: \u00abSer\u00e1 un orgullo representar su voz en el concejo municipal\u00bb Con mucho cari\u00f1o y compromiso les anuncio que estoy inscrita para postular como concejal de nuestra querida comunidad de Rapa Nui. Ustedes ya me conocen, hemos trabajado en conjunto a lo largo de los a\u00f1os y estoy comprometida a seguir construyendo juntos, trabajando en terreno y escuchando las necesidades y sue\u00f1os de cada uno de ustedes. Hoy me comprometo a llevar su voz al concejo municipal para lograr respuesta y soluci\u00f3n a cada una de sus necesidades. \u00a1Hagamos de Rapa Nui un lugar a\u00fan mejor para todos! Mauru&#8217;uru!!!<\/p>\n","protected":false},"author":1,"featured_media":15834,"comment_status":"open","ping_status":"open","sticky":false,"template":"","format":"standard","meta":{"footnotes":""},"categories":[73],"tags":[],"class_list":["post-15833","post","type-post","status-publish","format-standard","has-post-thumbnail","hentry","category-noticias"],"_links":{"self":[{"href":"https:\/\/ivonnenahoe.cl\/index.php?rest_route=\/wp\/v2\/posts\/15833","targetHints":{"allow":["GET"]}}],"collection":[{"href":"https:\/\/ivonnenahoe.cl\/index.php?rest_route=\/wp\/v2\/posts"}],"about":[{"href":"https:\/\/ivonnenahoe.cl\/index.php?rest_route=\/wp\/v2\/types\/post"}],"author":[{"embeddable":true,"href":"https:\/\/ivonnenahoe.cl\/index.php?rest_route=\/wp\/v2\/users\/1"}],"replies":[{"embeddable":true,"href":"https:\/\/ivonnenahoe.cl\/index.php?rest_route=%2Fwp%2Fv2%2Fcomments&post=15833"}],"version-history":[{"count":1,"href":"https:\/\/ivonnenahoe.cl\/index.php?rest_route=\/wp\/v2\/posts\/15833\/revisions"}],"predecessor-version":[{"id":15835,"href":"https:\/\/ivonnenahoe.cl\/index.php?rest_route=\/wp\/v2\/posts\/15833\/revisions\/15835"}],"wp:featuredmedia":[{"embeddable":true,"href":"https:\/\/ivonnenahoe.cl\/index.php?rest_route=\/wp\/v2\/media\/15834"}],"wp:attachment":[{"href":"https:\/\/ivonnenahoe.cl\/index.php?rest_route=%2Fwp%2Fv2%2Fmedia&parent=15833"}],"wp:term":[{"taxonomy":"category","embeddable":true,"href":"https:\/\/ivonnenahoe.cl\/index.php?rest_route=%2Fwp%2Fv2%2Fcategories&post=15833"},{"taxonomy":"post_tag","embeddable":true,"href":"https:\/\/ivonnenahoe.cl\/index.php?rest_route=%2Fwp%2Fv2%2Ftags&post=15833"}],"curies":[{"name":"wp","href":"https:\/\/api.w.org\/{rel}","templated":true}]}}