{"id":15842,"date":"2024-08-18T20:29:36","date_gmt":"2024-08-18T20:29:36","guid":{"rendered":"https:\/\/ivonnenahoe.cl\/?p=15842"},"modified":"2024-08-26T20:39:02","modified_gmt":"2024-08-26T20:39:02","slug":"presente-en-la-visita-del-ministro-de-educacion-en-rapa-nui","status":"publish","type":"post","link":"https:\/\/ivonnenahoe.cl\/?p=15842","title":{"rendered":"\u00a1Presente en la visita del Ministro de Educaci\u00f3n en Rapa Nui!"},"content":{"rendered":"<p>[vc_row][vc_column][vc_column_text]<\/p>\n<div class=\"x11i5rnm xat24cr x1mh8g0r x1vvkbs xtlvy1s x126k92a\">\n<div dir=\"auto\">Esta semana tuvimos la visita del Ministro de Educaci\u00f3n, Nicol\u00e1s Cataldo, quien destac\u00f3 la importancia de fortalecer la educaci\u00f3n superior en nuestra isla. Durante la visita, se abordaron temas cruciales para el desarrollo de nuestra comunidad, como la posibilidad de instalar un Centro de Formaci\u00f3n P\u00fablico en la Aldea Educativa y fortalecer las carreras vinculadas a la educaci\u00f3n media t\u00e9cnico-profesional en \u00e1reas como Turismo, Administraci\u00f3n y Servicio Agropecuario.<\/div>\n<div dir=\"auto\"><\/div>\n<\/div>\n<div class=\"x11i5rnm xat24cr x1mh8g0r x1vvkbs xtlvy1s x126k92a\">\n<blockquote>\n<div dir=\"auto\">El Ministro expres\u00f3: \u201cQueremos darle m\u00e1s oportunidades de desarrollo a Rapa Nui y a su comunidad, porque para nosotros es muy importante que la educaci\u00f3n en Rapa Nui avance\u201d.<\/div>\n<div dir=\"auto\"><\/div>\n<\/blockquote>\n<\/div>\n<div class=\"x11i5rnm xat24cr x1mh8g0r x1vvkbs xtlvy1s x126k92a\">\n<div dir=\"auto\">*Veo se\u00f1ales positivas de lo conversado en el mes de mayo con el Senador Jaime Quintana, Presidente de la Comisi\u00f3n de Educaci\u00f3n del Senado, y esperamos continuar con las gestiones para seguir de cerca el Nuevo Sistema de Educaci\u00f3n P\u00fablica y la instalaci\u00f3n del CFP en Rapa Nui y des esta forma cubrir las competencias que hacen falta a nivel local generando m\u00e1s oportunidades educativas a la comunidad de Rapa Nui *<\/div>\n<div dir=\"auto\"><\/div>\n<\/div>\n<p>[\/vc_column_text][vc_column_text]<em>En las fotograf\u00edas: Ministro de Educaci\u00f3n Nicol\u00e1s Cataldo, Directora del Colegio Lorenzo Baeza Vega, Geisha Bonilla Cort\u00e9s, Seremi Educaci\u00f3n Valpara\u00edso Juan Pablo \u00c1lvarez, Ivonne Nahoe, Presidenta del Consejo de Gesti\u00f3n de Carga Demogr\u00e1fica.<\/em>[\/vc_column_text][\/vc_column][\/vc_row][vc_row][vc_column width=\u00bb1\/3&#8243;][vc_single_image image=\u00bb15844&#8243; img_size=\u00bblarge\u00bb alignment=\u00bbcenter\u00bb][\/vc_column][vc_column width=\u00bb1\/3&#8243;][vc_single_image image=\u00bb15845&#8243; img_size=\u00bblarge\u00bb alignment=\u00bbcenter\u00bb][\/vc_column][vc_column width=\u00bb1\/3&#8243;][vc_single_image image=\u00bb15846&#8243; img_size=\u00bblarge\u00bb alignment=\u00bbcenter\u00bb][\/vc_column][\/vc_row]<\/p>\n","protected":false},"excerpt":{"rendered":"<p>[vc_row][vc_column][vc_column_text] Esta semana tuvimos la visita del Ministro de Educaci\u00f3n, Nicol\u00e1s Cataldo, quien destac\u00f3 la importancia de fortalecer la educaci\u00f3n superior en nuestra isla. Durante la visita, se abordaron temas cruciales para el desarrollo de nuestra comunidad, como la posibilidad de instalar un Centro de Formaci\u00f3n P\u00fablico en la Aldea Educativa y fortalecer las carreras vinculadas a la educaci\u00f3n media t\u00e9cnico-profesional en \u00e1reas como Turismo, Administraci\u00f3n y Servicio Agropecuario. El Ministro expres\u00f3: \u201cQueremos darle m\u00e1s oportunidades de desarrollo a Rapa Nui y a su comunidad, porque para nosotros es muy importante que la educaci\u00f3n en Rapa Nui avance\u201d. *Veo se\u00f1ales positivas de lo conversado en el mes de mayo con el Senador Jaime Quintana, Presidente de la Comisi\u00f3n de Educaci\u00f3n del Senado, y esperamos continuar con las gestiones para seguir de cerca el Nuevo Sistema de Educaci\u00f3n P\u00fablica y la instalaci\u00f3n del CFP en Rapa Nui y des esta forma cubrir las competencias que hacen falta a nivel local generando m\u00e1s oportunidades educativas a la comunidad de Rapa Nui * [\/vc_column_text][vc_column_text]En las fotograf\u00edas: Ministro de Educaci\u00f3n Nicol\u00e1s Cataldo, Directora del Colegio Lorenzo Baeza Vega, Geisha Bonilla Cort\u00e9s, Seremi Educaci\u00f3n Valpara\u00edso Juan Pablo \u00c1lvarez, Ivonne Nahoe, Presidenta del Consejo de Gesti\u00f3n [&hellip;]<\/p>\n","protected":false},"author":1,"featured_media":15848,"comment_status":"open","ping_status":"open","sticky":false,"template":"","format":"standard","meta":{"footnotes":""},"categories":[1],"tags":[],"class_list":["post-15842","post","type-post","status-publish","format-standard","has-post-thumbnail","hentry","category-uncategorized"],"_links":{"self":[{"href":"https:\/\/ivonnenahoe.cl\/index.php?rest_route=\/wp\/v2\/posts\/15842","targetHints":{"allow":["GET"]}}],"collection":[{"href":"https:\/\/ivonnenahoe.cl\/index.php?rest_route=\/wp\/v2\/posts"}],"about":[{"href":"https:\/\/ivonnenahoe.cl\/index.php?rest_route=\/wp\/v2\/types\/post"}],"author":[{"embeddable":true,"href":"https:\/\/ivonnenahoe.cl\/index.php?rest_route=\/wp\/v2\/users\/1"}],"replies":[{"embeddable":true,"href":"https:\/\/ivonnenahoe.cl\/index.php?rest_route=%2Fwp%2Fv2%2Fcomments&post=15842"}],"version-history":[{"count":2,"href":"https:\/\/ivonnenahoe.cl\/index.php?rest_route=\/wp\/v2\/posts\/15842\/revisions"}],"predecessor-version":[{"id":15849,"href":"https:\/\/ivonnenahoe.cl\/index.php?rest_route=\/wp\/v2\/posts\/15842\/revisions\/15849"}],"wp:featuredmedia":[{"embeddable":true,"href":"https:\/\/ivonnenahoe.cl\/index.php?rest_route=\/wp\/v2\/media\/15848"}],"wp:attachment":[{"href":"https:\/\/ivonnenahoe.cl\/index.php?rest_route=%2Fwp%2Fv2%2Fmedia&parent=15842"}],"wp:term":[{"taxonomy":"category","embeddable":true,"href":"https:\/\/ivonnenahoe.cl\/index.php?rest_route=%2Fwp%2Fv2%2Fcategories&post=15842"},{"taxonomy":"post_tag","embeddable":true,"href":"https:\/\/ivonnenahoe.cl\/index.php?rest_route=%2Fwp%2Fv2%2Ftags&post=15842"}],"curies":[{"name":"wp","href":"https:\/\/api.w.org\/{rel}","templated":true}]}}