{"id":15850,"date":"2024-08-26T20:46:34","date_gmt":"2024-08-26T20:46:34","guid":{"rendered":"https:\/\/ivonnenahoe.cl\/?p=15850"},"modified":"2024-08-26T20:46:34","modified_gmt":"2024-08-26T20:46:34","slug":"trabajo-comunitario-en-tahai","status":"publish","type":"post","link":"https:\/\/ivonnenahoe.cl\/?p=15850","title":{"rendered":"Trabajo Comunitario en Tahai"},"content":{"rendered":"<p>[vc_row][vc_column width=\u00bb1\/1&#8243;][vc_column_text]<\/p>\n<div class=\"xdj266r x11i5rnm xat24cr x1mh8g0r x1vvkbs x126k92a\">\n<div dir=\"auto\">Este s\u00e1bado, junto a los vecinos del sector de Tahai, nos unimos en un trabajo comunitario para revisar las luminarias solares que ya no encienden y embellecer los jardines de la Plaza Ana o Tumu. Este espacio, creado por los propios vecinos en 2011, sigue siendo un lugar querido por todos.<\/div>\n<div dir=\"auto\"><\/div>\n<\/div>\n<div class=\"x11i5rnm xat24cr x1mh8g0r x1vvkbs xtlvy1s x126k92a\">\n<div dir=\"auto\">Durante la jornada, recordamos con cari\u00f1o los inicios de la Junta de Vecinos y a aquellos dirigentes que estuvieron presentes en esos momentos, pero que hoy ya no est\u00e1n f\u00edsicamente con nosotros. Su legado sigue vivo en nuestros recuerdos.<\/div>\n<div dir=\"auto\"><\/div>\n<\/div>\n<div class=\"x11i5rnm xat24cr x1mh8g0r x1vvkbs xtlvy1s x126k92a\">\n<div dir=\"auto\">Estos encuentros nos permiten dialogar sobre los temas que preocupan a nuestros vecinos y que requieren atenci\u00f3n urgente. Agradecemos a la Junta de Vecinos Hanga Roa, a la familia Rojas de Insular Rent a Car por su ayuda con el cami\u00f3n, y a Ren\u00e9 Pakarati y Rafael Varas Hey por su apoyo t\u00e9cnico y compa\u00f1\u00eda en esta hermosa jornada.<\/div>\n<\/div>\n<p>[\/vc_column_text][\/vc_column][\/vc_row][vc_row][vc_column width=\u00bb1\/3&#8243;][vc_single_image image=\u00bb15852&#8243; img_size=\u00bblarge\u00bb alignment=\u00bbcenter\u00bb][vc_empty_space height=\u00bb10px\u00bb][vc_single_image image=\u00bb15855&#8243; img_size=\u00bblarge\u00bb alignment=\u00bbcenter\u00bb][\/vc_column][vc_column width=\u00bb1\/3&#8243;][vc_single_image image=\u00bb15853&#8243; img_size=\u00bblarge\u00bb][vc_empty_space height=\u00bb10px\u00bb][vc_single_image image=\u00bb15856&#8243; img_size=\u00bblarge\u00bb alignment=\u00bbcenter\u00bb][\/vc_column][vc_column width=\u00bb1\/3&#8243;][vc_single_image image=\u00bb15854&#8243; img_size=\u00bblarge\u00bb][vc_empty_space height=\u00bb10px\u00bb][vc_single_image image=\u00bb15851&#8243; img_size=\u00bblarge\u00bb alignment=\u00bbcenter\u00bb][\/vc_column][\/vc_row]<\/p>\n","protected":false},"excerpt":{"rendered":"<p>[vc_row][vc_column width=\u00bb1\/1&#8243;][vc_column_text] Este s\u00e1bado, junto a los vecinos del sector de Tahai, nos unimos en un trabajo comunitario para revisar las luminarias solares que ya no encienden y embellecer los jardines de la Plaza Ana o Tumu. Este espacio, creado por los propios vecinos en 2011, sigue siendo un lugar querido por todos. Durante la jornada, recordamos con cari\u00f1o los inicios de la Junta de Vecinos y a aquellos dirigentes que estuvieron presentes en esos momentos, pero que hoy ya no est\u00e1n f\u00edsicamente con nosotros. Su legado sigue vivo en nuestros recuerdos. Estos encuentros nos permiten dialogar sobre los temas que preocupan a nuestros vecinos y que requieren atenci\u00f3n urgente. Agradecemos a la Junta de Vecinos Hanga Roa, a la familia Rojas de Insular Rent a Car por su ayuda con el cami\u00f3n, y a Ren\u00e9 Pakarati y Rafael Varas Hey por su apoyo t\u00e9cnico y compa\u00f1\u00eda en esta hermosa jornada. [\/vc_column_text][\/vc_column][\/vc_row][vc_row][vc_column width=\u00bb1\/3&#8243;][vc_single_image image=\u00bb15852&#8243; img_size=\u00bblarge\u00bb alignment=\u00bbcenter\u00bb][vc_empty_space height=\u00bb10px\u00bb][vc_single_image image=\u00bb15855&#8243; img_size=\u00bblarge\u00bb alignment=\u00bbcenter\u00bb][\/vc_column][vc_column width=\u00bb1\/3&#8243;][vc_single_image image=\u00bb15853&#8243; img_size=\u00bblarge\u00bb][vc_empty_space height=\u00bb10px\u00bb][vc_single_image image=\u00bb15856&#8243; img_size=\u00bblarge\u00bb alignment=\u00bbcenter\u00bb][\/vc_column][vc_column width=\u00bb1\/3&#8243;][vc_single_image image=\u00bb15854&#8243; img_size=\u00bblarge\u00bb][vc_empty_space height=\u00bb10px\u00bb][vc_single_image image=\u00bb15851&#8243; img_size=\u00bblarge\u00bb alignment=\u00bbcenter\u00bb][\/vc_column][\/vc_row]<\/p>\n","protected":false},"author":1,"featured_media":15851,"comment_status":"open","ping_status":"open","sticky":false,"template":"","format":"standard","meta":{"footnotes":""},"categories":[73],"tags":[],"class_list":["post-15850","post","type-post","status-publish","format-standard","has-post-thumbnail","hentry","category-noticias"],"_links":{"self":[{"href":"https:\/\/ivonnenahoe.cl\/index.php?rest_route=\/wp\/v2\/posts\/15850","targetHints":{"allow":["GET"]}}],"collection":[{"href":"https:\/\/ivonnenahoe.cl\/index.php?rest_route=\/wp\/v2\/posts"}],"about":[{"href":"https:\/\/ivonnenahoe.cl\/index.php?rest_route=\/wp\/v2\/types\/post"}],"author":[{"embeddable":true,"href":"https:\/\/ivonnenahoe.cl\/index.php?rest_route=\/wp\/v2\/users\/1"}],"replies":[{"embeddable":true,"href":"https:\/\/ivonnenahoe.cl\/index.php?rest_route=%2Fwp%2Fv2%2Fcomments&post=15850"}],"version-history":[{"count":1,"href":"https:\/\/ivonnenahoe.cl\/index.php?rest_route=\/wp\/v2\/posts\/15850\/revisions"}],"predecessor-version":[{"id":15857,"href":"https:\/\/ivonnenahoe.cl\/index.php?rest_route=\/wp\/v2\/posts\/15850\/revisions\/15857"}],"wp:featuredmedia":[{"embeddable":true,"href":"https:\/\/ivonnenahoe.cl\/index.php?rest_route=\/wp\/v2\/media\/15851"}],"wp:attachment":[{"href":"https:\/\/ivonnenahoe.cl\/index.php?rest_route=%2Fwp%2Fv2%2Fmedia&parent=15850"}],"wp:term":[{"taxonomy":"category","embeddable":true,"href":"https:\/\/ivonnenahoe.cl\/index.php?rest_route=%2Fwp%2Fv2%2Fcategories&post=15850"},{"taxonomy":"post_tag","embeddable":true,"href":"https:\/\/ivonnenahoe.cl\/index.php?rest_route=%2Fwp%2Fv2%2Ftags&post=15850"}],"curies":[{"name":"wp","href":"https:\/\/api.w.org\/{rel}","templated":true}]}}