{"id":15864,"date":"2024-09-03T16:16:58","date_gmt":"2024-09-03T16:16:58","guid":{"rendered":"https:\/\/ivonnenahoe.cl\/?p=15864"},"modified":"2024-09-24T04:19:57","modified_gmt":"2024-09-24T04:19:57","slug":"encuesta-cuales-son-tus-5-prioridades-de-mejora-para-nuestra-comuna","status":"publish","type":"post","link":"https:\/\/ivonnenahoe.cl\/?p=15864","title":{"rendered":"Encuesta: \u00bfCu\u00e1les son tus 5 prioridades de mejora para nuestra comuna?"},"content":{"rendered":"<p>[vc_row][vc_column width=\u00bb1\/1&#8243;][vc_column_text]<\/p>\n<div class=\"xdj266r x11i5rnm xat24cr x1mh8g0r x1vvkbs x126k92a\">\n<div dir=\"auto\">\u00a1Queremos escucharte!<\/div>\n<div dir=\"auto\">En mis redes sociales, dejamos una encuesta abierta a la participaci\u00f3n de los vecinos.<\/div>\n<div dir=\"auto\">Como parte de mi compromiso con la comunidad, quiero saber:<\/div>\n<div dir=\"auto\">\u00bfCu\u00e1les son tus 5 prioridades para nuestra comuna?<\/div>\n<\/div>\n<div class=\"x11i5rnm xat24cr x1mh8g0r x1vvkbs xtlvy1s x126k92a\">\n<div dir=\"auto\">Tu opini\u00f3n es clave para construir juntos un mejor futuro.<\/div>\n<\/div>\n<div class=\"x11i5rnm xat24cr x1mh8g0r x1vvkbs xtlvy1s x126k92a\">\n<div dir=\"auto\">D\u00e9janos tu respuesta en los comentarios y juntos trabajaremos para que tus ideas se hagan realidad.<\/div>\n<\/div>\n<div class=\"x11i5rnm xat24cr x1mh8g0r x1vvkbs xtlvy1s x126k92a\">\n<div dir=\"auto\">\u00a1Trabajemos juntos por Rapa Nui.!<\/div>\n<\/div>\n<p>[\/vc_column_text][\/vc_column][\/vc_row]<\/p>\n","protected":false},"excerpt":{"rendered":"<p>[vc_row][vc_column width=\u00bb1\/1&#8243;][vc_column_text] \u00a1Queremos escucharte! En mis redes sociales, dejamos una encuesta abierta a la participaci\u00f3n de los vecinos. Como parte de mi compromiso con la comunidad, quiero saber: \u00bfCu\u00e1les son tus 5 prioridades para nuestra comuna? Tu opini\u00f3n es clave para construir juntos un mejor futuro. D\u00e9janos tu respuesta en los comentarios y juntos trabajaremos para que tus ideas se hagan realidad. \u00a1Trabajemos juntos por Rapa Nui.! [\/vc_column_text][\/vc_column][\/vc_row]<\/p>\n","protected":false},"author":1,"featured_media":15866,"comment_status":"open","ping_status":"open","sticky":false,"template":"","format":"standard","meta":{"footnotes":""},"categories":[75],"tags":[],"class_list":["post-15864","post","type-post","status-publish","format-standard","has-post-thumbnail","hentry","category-comunidad"],"_links":{"self":[{"href":"https:\/\/ivonnenahoe.cl\/index.php?rest_route=\/wp\/v2\/posts\/15864","targetHints":{"allow":["GET"]}}],"collection":[{"href":"https:\/\/ivonnenahoe.cl\/index.php?rest_route=\/wp\/v2\/posts"}],"about":[{"href":"https:\/\/ivonnenahoe.cl\/index.php?rest_route=\/wp\/v2\/types\/post"}],"author":[{"embeddable":true,"href":"https:\/\/ivonnenahoe.cl\/index.php?rest_route=\/wp\/v2\/users\/1"}],"replies":[{"embeddable":true,"href":"https:\/\/ivonnenahoe.cl\/index.php?rest_route=%2Fwp%2Fv2%2Fcomments&post=15864"}],"version-history":[{"count":1,"href":"https:\/\/ivonnenahoe.cl\/index.php?rest_route=\/wp\/v2\/posts\/15864\/revisions"}],"predecessor-version":[{"id":15867,"href":"https:\/\/ivonnenahoe.cl\/index.php?rest_route=\/wp\/v2\/posts\/15864\/revisions\/15867"}],"wp:featuredmedia":[{"embeddable":true,"href":"https:\/\/ivonnenahoe.cl\/index.php?rest_route=\/wp\/v2\/media\/15866"}],"wp:attachment":[{"href":"https:\/\/ivonnenahoe.cl\/index.php?rest_route=%2Fwp%2Fv2%2Fmedia&parent=15864"}],"wp:term":[{"taxonomy":"category","embeddable":true,"href":"https:\/\/ivonnenahoe.cl\/index.php?rest_route=%2Fwp%2Fv2%2Fcategories&post=15864"},{"taxonomy":"post_tag","embeddable":true,"href":"https:\/\/ivonnenahoe.cl\/index.php?rest_route=%2Fwp%2Fv2%2Ftags&post=15864"}],"curies":[{"name":"wp","href":"https:\/\/api.w.org\/{rel}","templated":true}]}}