{"id":15906,"date":"2024-09-11T15:21:03","date_gmt":"2024-09-11T15:21:03","guid":{"rendered":"https:\/\/ivonnenahoe.cl\/?p=15906"},"modified":"2024-09-24T05:28:14","modified_gmt":"2024-09-24T05:28:14","slug":"136-anos-de-historia","status":"publish","type":"post","link":"https:\/\/ivonnenahoe.cl\/?p=15906","title":{"rendered":"136 A\u00f1os de Historia"},"content":{"rendered":"<p>[vc_row][vc_column width=\u00bb1\/1&#8243;][vc_column_text]<\/p>\n<div class=\"x11i5rnm xat24cr x1mh8g0r x1vvkbs xtlvy1s x126k92a\">\n<div dir=\"auto\">Este lunes 09 de septiembre, nos reunimos como pueblo ancestral en la Plaza Atamu Tekena. Junto a nuestros Honui y autoridades locales recordamos los 136 a\u00f1os de anexi\u00f3n de Rapa Nui a Chile, fue el d\u00eda 9 de septiembre de 1888 que se concreta la firma del tratado de voluntades por nuestro Ariki Atamu Tekena a\u00b4 Ao Tahi y los Consejeros- To\u2019o pae como una forma de proteger a su pueblo y territorio, dando paso a la anexi\u00f3n de Rapa Nui al Estado de Chile.<\/div>\n<div dir=\"auto\"><\/div>\n<\/div>\n<div class=\"x11i5rnm xat24cr x1mh8g0r x1vvkbs xtlvy1s x126k92a\">\n<div dir=\"auto\">Hoy, somos un pueblo m\u00e1s fuerte, que ha crecido y avanzado en el desarrollo de nuestro querido Motu. Nos llena de orgullo ver c\u00f3mo encabezamos instituciones p\u00fablicas y c\u00f3mo nuestras generaciones actuales asumen responsabilidades en la administraci\u00f3n p\u00fablica y privada. Hemos poco a poco generado una gobernanza propia para guiar nuestro territorio a trav\u00e9s de distintas instancias de representaci\u00f3n: Honui, Ma\u00b4u Hatu, Parlamento, Ma\u2019u Henua, Koro Nui o te Vaikava, Consejo de Gesti\u00f3n de Carga Demogr\u00e1fica, Codeipa, entre otros; todos trabajando de la mano con instituciones nacionales y extranjeras.<\/div>\n<div dir=\"auto\"><\/div>\n<\/div>\n<div class=\"x11i5rnm xat24cr x1mh8g0r x1vvkbs xtlvy1s x126k92a\">\n<div dir=\"auto\">Debemos seguir avanzando juntos como un solo pueblo, con nuestras diferencias que enriquecen los procesos democr\u00e1ticos a trav\u00e9s del debate de ideas, con respeto, con argumentos y en donde los medios de comunicaci\u00f3n cumplan su rol informativo, haciendo vale el principio de libertad de expresi\u00f3n y pluralismo o diversidad.<\/div>\n<\/div>\n<div class=\"x11i5rnm xat24cr x1mh8g0r x1vvkbs xtlvy1s x126k92a\">\n<div dir=\"auto\">Nuestro Ariki sello ese acuerdo con un gesto amable, esperanzador, y con el coraz\u00f3n por su pueblo, entregando el pasto y guardando la tierra en su bolsillo como muestra de que el pueblo Rapa Nui seguir\u00e1 siendo soberano de su Henua.<\/div>\n<\/div>\n<p>[\/vc_column_text][\/vc_column][\/vc_row][vc_row][vc_column width=\u00bb1\/3&#8243;][vc_single_image image=\u00bb15908&#8243; img_size=\u00bbmedium\u00bb alignment=\u00bbcenter\u00bb][vc_single_image image=\u00bb15911&#8243; img_size=\u00bbmedium\u00bb alignment=\u00bbcenter\u00bb][\/vc_column][vc_column width=\u00bb1\/3&#8243;][vc_single_image image=\u00bb15909&#8243; img_size=\u00bbmedium\u00bb alignment=\u00bbcenter\u00bb][vc_single_image image=\u00bb15912&#8243; img_size=\u00bbmedium\u00bb alignment=\u00bbcenter\u00bb][\/vc_column][vc_column width=\u00bb1\/3&#8243;][vc_single_image image=\u00bb15910&#8243; img_size=\u00bbmedium\u00bb alignment=\u00bbcenter\u00bb][vc_single_image image=\u00bb15913&#8243; img_size=\u00bbmedium\u00bb alignment=\u00bbcenter\u00bb][\/vc_column][\/vc_row]<\/p>\n","protected":false},"excerpt":{"rendered":"<p>[vc_row][vc_column width=\u00bb1\/1&#8243;][vc_column_text] Este lunes 09 de septiembre, nos reunimos como pueblo ancestral en la Plaza Atamu Tekena. Junto a nuestros Honui y autoridades locales recordamos los 136 a\u00f1os de anexi\u00f3n de Rapa Nui a Chile, fue el d\u00eda 9 de septiembre de 1888 que se concreta la firma del tratado de voluntades por nuestro Ariki Atamu Tekena a\u00b4 Ao Tahi y los Consejeros- To\u2019o pae como una forma de proteger a su pueblo y territorio, dando paso a la anexi\u00f3n de Rapa Nui al Estado de Chile. Hoy, somos un pueblo m\u00e1s fuerte, que ha crecido y avanzado en el desarrollo de nuestro querido Motu. Nos llena de orgullo ver c\u00f3mo encabezamos instituciones p\u00fablicas y c\u00f3mo nuestras generaciones actuales asumen responsabilidades en la administraci\u00f3n p\u00fablica y privada. Hemos poco a poco generado una gobernanza propia para guiar nuestro territorio a trav\u00e9s de distintas instancias de representaci\u00f3n: Honui, Ma\u00b4u Hatu, Parlamento, Ma\u2019u Henua, Koro Nui o te Vaikava, Consejo de Gesti\u00f3n de Carga Demogr\u00e1fica, Codeipa, entre otros; todos trabajando de la mano con instituciones nacionales y extranjeras. Debemos seguir avanzando juntos como un solo pueblo, con nuestras diferencias que enriquecen los procesos democr\u00e1ticos a trav\u00e9s del debate de ideas, con respeto, [&hellip;]<\/p>\n","protected":false},"author":1,"featured_media":15907,"comment_status":"open","ping_status":"open","sticky":false,"template":"","format":"standard","meta":{"footnotes":""},"categories":[75],"tags":[],"class_list":["post-15906","post","type-post","status-publish","format-standard","has-post-thumbnail","hentry","category-comunidad"],"_links":{"self":[{"href":"https:\/\/ivonnenahoe.cl\/index.php?rest_route=\/wp\/v2\/posts\/15906","targetHints":{"allow":["GET"]}}],"collection":[{"href":"https:\/\/ivonnenahoe.cl\/index.php?rest_route=\/wp\/v2\/posts"}],"about":[{"href":"https:\/\/ivonnenahoe.cl\/index.php?rest_route=\/wp\/v2\/types\/post"}],"author":[{"embeddable":true,"href":"https:\/\/ivonnenahoe.cl\/index.php?rest_route=\/wp\/v2\/users\/1"}],"replies":[{"embeddable":true,"href":"https:\/\/ivonnenahoe.cl\/index.php?rest_route=%2Fwp%2Fv2%2Fcomments&post=15906"}],"version-history":[{"count":1,"href":"https:\/\/ivonnenahoe.cl\/index.php?rest_route=\/wp\/v2\/posts\/15906\/revisions"}],"predecessor-version":[{"id":15914,"href":"https:\/\/ivonnenahoe.cl\/index.php?rest_route=\/wp\/v2\/posts\/15906\/revisions\/15914"}],"wp:featuredmedia":[{"embeddable":true,"href":"https:\/\/ivonnenahoe.cl\/index.php?rest_route=\/wp\/v2\/media\/15907"}],"wp:attachment":[{"href":"https:\/\/ivonnenahoe.cl\/index.php?rest_route=%2Fwp%2Fv2%2Fmedia&parent=15906"}],"wp:term":[{"taxonomy":"category","embeddable":true,"href":"https:\/\/ivonnenahoe.cl\/index.php?rest_route=%2Fwp%2Fv2%2Fcategories&post=15906"},{"taxonomy":"post_tag","embeddable":true,"href":"https:\/\/ivonnenahoe.cl\/index.php?rest_route=%2Fwp%2Fv2%2Ftags&post=15906"}],"curies":[{"name":"wp","href":"https:\/\/api.w.org\/{rel}","templated":true}]}}