{"id":15915,"date":"2024-09-12T18:32:45","date_gmt":"2024-09-12T18:32:45","guid":{"rendered":"https:\/\/ivonnenahoe.cl\/?p=15915"},"modified":"2024-09-24T05:35:42","modified_gmt":"2024-09-24T05:35:42","slug":"vota-u-270","status":"publish","type":"post","link":"https:\/\/ivonnenahoe.cl\/?p=15915","title":{"rendered":"Vota U-270"},"content":{"rendered":"<p>[vc_row][vc_column width=\u00bb1\/1&#8243;][vc_column_text]<\/p>\n<div class=\"xdj266r x11i5rnm xat24cr x1mh8g0r x1vvkbs x126k92a\">\n<div dir=\"auto\">\u00a1Iorana, queridos vecinos de Rapa Nui!<\/div>\n<div dir=\"auto\">Este 26 y 27 de octubre, vota U-270 por Ivonne Nahoe, tu candidata a concejala.<\/div>\n<div dir=\"auto\"><\/div>\n<\/div>\n<div class=\"x11i5rnm xat24cr x1mh8g0r x1vvkbs xtlvy1s x126k92a\">\n<div dir=\"auto\">Soy una mujer con convicci\u00f3n, profundamente consciente de las necesidades de nuestra comunidad. Juntos hemos trabajado codo a codo, desde las juntas de vecinos y el Consejo Vecinal, siempre escuchando y atendiendo las preocupaciones de nuestra gente logrando que los cambios sucedan.<\/div>\n<div dir=\"auto\"><\/div>\n<\/div>\n<div class=\"x11i5rnm xat24cr x1mh8g0r x1vvkbs xtlvy1s x126k92a\">\n<div dir=\"auto\">Hoy tengo la oportunidad de hacer a\u00fan m\u00e1s desde el Consejo Municipal. Con tu apoyo, podr\u00e9 seguir fiscalizando y proponiendo soluciones efectivas a problemas que ya conocemos y que necesitan atenci\u00f3n urgente.<\/div>\n<div dir=\"auto\"><\/div>\n<\/div>\n<div class=\"x11i5rnm xat24cr x1mh8g0r x1vvkbs xtlvy1s x126k92a\">\n<div dir=\"auto\">Mi n\u00famero y mi letra tienen un significado especial:<\/div>\n<\/div>\n<div class=\"x11i5rnm xat24cr x1mh8g0r x1vvkbs xtlvy1s x126k92a\">\n<div dir=\"auto\">\u00b7 U: Femenino<\/div>\n<div dir=\"auto\">\u00b7 2: Cooperaci\u00f3n y armon\u00eda<\/div>\n<div dir=\"auto\">\u00b7 7: Sabidur\u00eda y b\u00fasqueda de la verdad<\/div>\n<div dir=\"auto\">\u00b7 0: Protecci\u00f3n, integraci\u00f3n y unidad<\/div>\n<div dir=\"auto\"><\/div>\n<\/div>\n<div class=\"x11i5rnm xat24cr x1mh8g0r x1vvkbs xtlvy1s x126k92a\">\n<div dir=\"auto\">Te invito a confiar en m\u00ed. Vota U-270 y sigamos construyendo juntos el futuro que Rapa Nui merece.<\/div>\n<\/div>\n<p>[\/vc_column_text][vc_single_image image=\u00bb15917&#8243; img_size=\u00bblarge\u00bb alignment=\u00bbcenter\u00bb][\/vc_column][\/vc_row]<\/p>\n","protected":false},"excerpt":{"rendered":"<p>[vc_row][vc_column width=\u00bb1\/1&#8243;][vc_column_text] \u00a1Iorana, queridos vecinos de Rapa Nui! Este 26 y 27 de octubre, vota U-270 por Ivonne Nahoe, tu candidata a concejala. Soy una mujer con convicci\u00f3n, profundamente consciente de las necesidades de nuestra comunidad. Juntos hemos trabajado codo a codo, desde las juntas de vecinos y el Consejo Vecinal, siempre escuchando y atendiendo las preocupaciones de nuestra gente logrando que los cambios sucedan. Hoy tengo la oportunidad de hacer a\u00fan m\u00e1s desde el Consejo Municipal. Con tu apoyo, podr\u00e9 seguir fiscalizando y proponiendo soluciones efectivas a problemas que ya conocemos y que necesitan atenci\u00f3n urgente. Mi n\u00famero y mi letra tienen un significado especial: \u00b7 U: Femenino \u00b7 2: Cooperaci\u00f3n y armon\u00eda \u00b7 7: Sabidur\u00eda y b\u00fasqueda de la verdad \u00b7 0: Protecci\u00f3n, integraci\u00f3n y unidad Te invito a confiar en m\u00ed. Vota U-270 y sigamos construyendo juntos el futuro que Rapa Nui merece. [\/vc_column_text][vc_single_image image=\u00bb15917&#8243; img_size=\u00bblarge\u00bb alignment=\u00bbcenter\u00bb][\/vc_column][\/vc_row]<\/p>\n","protected":false},"author":1,"featured_media":15916,"comment_status":"open","ping_status":"open","sticky":false,"template":"","format":"standard","meta":{"footnotes":""},"categories":[73],"tags":[],"class_list":["post-15915","post","type-post","status-publish","format-standard","has-post-thumbnail","hentry","category-noticias"],"_links":{"self":[{"href":"https:\/\/ivonnenahoe.cl\/index.php?rest_route=\/wp\/v2\/posts\/15915","targetHints":{"allow":["GET"]}}],"collection":[{"href":"https:\/\/ivonnenahoe.cl\/index.php?rest_route=\/wp\/v2\/posts"}],"about":[{"href":"https:\/\/ivonnenahoe.cl\/index.php?rest_route=\/wp\/v2\/types\/post"}],"author":[{"embeddable":true,"href":"https:\/\/ivonnenahoe.cl\/index.php?rest_route=\/wp\/v2\/users\/1"}],"replies":[{"embeddable":true,"href":"https:\/\/ivonnenahoe.cl\/index.php?rest_route=%2Fwp%2Fv2%2Fcomments&post=15915"}],"version-history":[{"count":1,"href":"https:\/\/ivonnenahoe.cl\/index.php?rest_route=\/wp\/v2\/posts\/15915\/revisions"}],"predecessor-version":[{"id":15918,"href":"https:\/\/ivonnenahoe.cl\/index.php?rest_route=\/wp\/v2\/posts\/15915\/revisions\/15918"}],"wp:featuredmedia":[{"embeddable":true,"href":"https:\/\/ivonnenahoe.cl\/index.php?rest_route=\/wp\/v2\/media\/15916"}],"wp:attachment":[{"href":"https:\/\/ivonnenahoe.cl\/index.php?rest_route=%2Fwp%2Fv2%2Fmedia&parent=15915"}],"wp:term":[{"taxonomy":"category","embeddable":true,"href":"https:\/\/ivonnenahoe.cl\/index.php?rest_route=%2Fwp%2Fv2%2Fcategories&post=15915"},{"taxonomy":"post_tag","embeddable":true,"href":"https:\/\/ivonnenahoe.cl\/index.php?rest_route=%2Fwp%2Fv2%2Ftags&post=15915"}],"curies":[{"name":"wp","href":"https:\/\/api.w.org\/{rel}","templated":true}]}}