{"id":15923,"date":"2024-09-17T12:39:41","date_gmt":"2024-09-17T12:39:41","guid":{"rendered":"https:\/\/ivonnenahoe.cl\/?p=15923"},"modified":"2024-11-08T02:51:36","modified_gmt":"2024-11-08T02:51:36","slug":"celebramos-juntos-en-la-feria-ki-haka-piri-tahi-tatou","status":"publish","type":"post","link":"https:\/\/ivonnenahoe.cl\/?p=15923","title":{"rendered":"Celebramos juntos en la Feria Ki Haka Piri Tahi Tatou"},"content":{"rendered":"<p>[vc_row][vc_column width=\u00bb1\/1&#8243;][vc_column_text]Este s\u00e1bado compartimos una jornada incre\u00edble junto a la comunidad en la feria Ki Haka Piri Tahi Tatou, organizada por el Consejo Vecinal de Desarrollo Hanga Roa, en colaboraci\u00f3n con la Asociaci\u00f3n Creadoras de Rapa Nui, Fundaci\u00f3n Salud para Rapa Nui y la Junta de Vecinos N\u00ba1 Hanga Roa. \ud83c\udf3a<\/p>\n<p>Fue una instancia de integraci\u00f3n vecinal en la que los vecinos tuvieron la oportunidad de exhibir sus emprendimientos, reactivar la feria de las pulgas y ofrecer alimentos y verduras frescas, todo en un solo lugar. \ud83d\udecd\ufe0f\ud83c\udf31 Nuestros vecinos se mostraron muy contentos con la actividad, disfrutando cada momento y destacando la importancia de mantener este tipo de iniciativas a lo largo del tiempo. \ud83e\udd1d\u2728<\/p>\n<p>Queremos agradecer a todos los que participaron, especialmente a:<\/p>\n<p>\u00b7 Karina Asenjo, Presidenta de la Asociaci\u00f3n de Creadoras de Rapa Nui<br \/>\n\u00b7 Ovahe Tepano, Presidenta de la Fundaci\u00f3n Salud para Rapa Nui<br \/>\n\u00b7 Uri Tuki Teave, Presidenta de la Junta de Vecinos Hanga Roa<br \/>\n\u00b7 Isi Teao Arancibia, Presidenta de M\u00e1s Rapa Nui LGBTIQ+<br \/>\n\u00b7 Antonia Ika Pakarati, Presidenta de la Organizaci\u00f3n Ka Aha Ra Ia<br \/>\n\u00b7 Consejo Vecinal del Barrio de Hanga Roa<\/p>\n<p>Tambi\u00e9n agradecemos a Carabineros, Gobernaci\u00f3n Mar\u00edtima, Mau Henua y Akahanga Administrador Municipal por su apoyo y colaboraci\u00f3n para llevar a cabo esta feria.<\/p>\n<p>\u00a1Mauru&#8217;uru por ser parte de esta hermosa iniciativa que fortalece nuestra comunidad! \ud83c\udf0a\ud83c\udf38[\/vc_column_text][vc_single_image image=\u00bb15924&#8243; img_size=\u00bbmedium\u00bb alignment=\u00bbcenter\u00bb][\/vc_column][\/vc_row][vc_row][vc_column width=\u00bb1\/2&#8243;][vc_single_image image=\u00bb15925&#8243; img_size=\u00bbmedium\u00bb][vc_single_image image=\u00bb15927&#8243; img_size=\u00bbmedium\u00bb][vc_single_image image=\u00bb15929&#8243; img_size=\u00bbmedium\u00bb][\/vc_column][vc_column width=\u00bb1\/2&#8243;][vc_single_image image=\u00bb15926&#8243; img_size=\u00bbmedium\u00bb][vc_single_image image=\u00bb15928&#8243; img_size=\u00bbmedium\u00bb][vc_single_image image=\u00bb15930&#8243; img_size=\u00bbmedium\u00bb][\/vc_column][\/vc_row]<\/p>\n","protected":false},"excerpt":{"rendered":"<p>[vc_row][vc_column width=\u00bb1\/1&#8243;][vc_column_text]Este s\u00e1bado compartimos una jornada incre\u00edble junto a la comunidad en la feria Ki Haka Piri Tahi Tatou, organizada por el Consejo Vecinal de Desarrollo Hanga Roa, en colaboraci\u00f3n con la Asociaci\u00f3n Creadoras de Rapa Nui, Fundaci\u00f3n Salud para Rapa Nui y la Junta de Vecinos N\u00ba1 Hanga Roa. \ud83c\udf3a Fue una instancia de integraci\u00f3n vecinal en la que los vecinos tuvieron la oportunidad de exhibir sus emprendimientos, reactivar la feria de las pulgas y ofrecer alimentos y verduras frescas, todo en un solo lugar. \ud83d\udecd\ufe0f\ud83c\udf31 Nuestros vecinos se mostraron muy contentos con la actividad, disfrutando cada momento y destacando la importancia de mantener este tipo de iniciativas a lo largo del tiempo. \ud83e\udd1d\u2728 Queremos agradecer a todos los que participaron, especialmente a: \u00b7 Karina Asenjo, Presidenta de la Asociaci\u00f3n de Creadoras de Rapa Nui \u00b7 Ovahe Tepano, Presidenta de la Fundaci\u00f3n Salud para Rapa Nui \u00b7 Uri Tuki Teave, Presidenta de la Junta de Vecinos Hanga Roa \u00b7 Isi Teao Arancibia, Presidenta de M\u00e1s Rapa Nui LGBTIQ+ \u00b7 Antonia Ika Pakarati, Presidenta de la Organizaci\u00f3n Ka Aha Ra Ia \u00b7 Consejo Vecinal del Barrio de Hanga Roa Tambi\u00e9n agradecemos a Carabineros, Gobernaci\u00f3n Mar\u00edtima, Mau Henua y Akahanga Administrador [&hellip;]<\/p>\n","protected":false},"author":1,"featured_media":15925,"comment_status":"open","ping_status":"open","sticky":false,"template":"","format":"standard","meta":{"footnotes":""},"categories":[75],"tags":[],"class_list":["post-15923","post","type-post","status-publish","format-standard","has-post-thumbnail","hentry","category-comunidad"],"_links":{"self":[{"href":"https:\/\/ivonnenahoe.cl\/index.php?rest_route=\/wp\/v2\/posts\/15923","targetHints":{"allow":["GET"]}}],"collection":[{"href":"https:\/\/ivonnenahoe.cl\/index.php?rest_route=\/wp\/v2\/posts"}],"about":[{"href":"https:\/\/ivonnenahoe.cl\/index.php?rest_route=\/wp\/v2\/types\/post"}],"author":[{"embeddable":true,"href":"https:\/\/ivonnenahoe.cl\/index.php?rest_route=\/wp\/v2\/users\/1"}],"replies":[{"embeddable":true,"href":"https:\/\/ivonnenahoe.cl\/index.php?rest_route=%2Fwp%2Fv2%2Fcomments&post=15923"}],"version-history":[{"count":1,"href":"https:\/\/ivonnenahoe.cl\/index.php?rest_route=\/wp\/v2\/posts\/15923\/revisions"}],"predecessor-version":[{"id":15931,"href":"https:\/\/ivonnenahoe.cl\/index.php?rest_route=\/wp\/v2\/posts\/15923\/revisions\/15931"}],"wp:featuredmedia":[{"embeddable":true,"href":"https:\/\/ivonnenahoe.cl\/index.php?rest_route=\/wp\/v2\/media\/15925"}],"wp:attachment":[{"href":"https:\/\/ivonnenahoe.cl\/index.php?rest_route=%2Fwp%2Fv2%2Fmedia&parent=15923"}],"wp:term":[{"taxonomy":"category","embeddable":true,"href":"https:\/\/ivonnenahoe.cl\/index.php?rest_route=%2Fwp%2Fv2%2Fcategories&post=15923"},{"taxonomy":"post_tag","embeddable":true,"href":"https:\/\/ivonnenahoe.cl\/index.php?rest_route=%2Fwp%2Fv2%2Ftags&post=15923"}],"curies":[{"name":"wp","href":"https:\/\/api.w.org\/{rel}","templated":true}]}}