{"id":15936,"date":"2024-09-25T14:56:29","date_gmt":"2024-09-25T14:56:29","guid":{"rendered":"https:\/\/ivonnenahoe.cl\/?p=15936"},"modified":"2024-11-08T03:04:33","modified_gmt":"2024-11-08T03:04:33","slug":"encuentro-internacional-de-mujeres-y-hombres-lideres-impulsando-la-equidad-en-rapa-nui","status":"publish","type":"post","link":"https:\/\/ivonnenahoe.cl\/?p=15936","title":{"rendered":"Encuentro Internacional de Mujeres y Hombres L\u00edderes Impulsando la Equidad en Rapa Nui"},"content":{"rendered":"<p>[vc_row][vc_column width=\u00bb1\/1&#8243;][vc_column_text]Hoy estamos participando del primer d\u00eda de este importante encuentro en nuestra querida Isla.<\/p>\n<p>En esta jornada, bajo la conducci\u00f3n de la maestra de ceremonias Maeva Atam, hemos sido testigos de conferencias magistrales y de las valiosas mesas de di\u00e1logo que abordan temas fundamentales como la igualdad de g\u00e9nero, la justicia social, la educaci\u00f3n y formaci\u00f3n, y la salud y bienestar. \ud83d\udcac\ud83c\udf0d<\/p>\n<p>Es una experiencia sumamente enriquecedora e importante para el desarrollo de nuestra isla, y hemos tenido el honor de compartir con grandes personalidades, como Ver\u00f3nica Kunze, vicepresidenta del directorio de Banco Estado y ex subsecretaria de Turismo. \ud83d\ude4c\u2728<\/p>\n<p>Seguiremos siendo parte de esta jornada transformadora que se llevar\u00e1 a cabo los d\u00edas 25, 26 y 27 de septiembre.<\/p>\n<p>\u00a1Es un privilegio aportar al crecimiento de nuestra comunidad![\/vc_column_text][\/vc_column][\/vc_row][vc_row][vc_column width=\u00bb1\/2&#8243;][vc_single_image image=\u00bb15937&#8243; img_size=\u00bbfull\u00bb alignment=\u00bbcenter\u00bb][vc_single_image image=\u00bb15938&#8243; img_size=\u00bbfull\u00bb alignment=\u00bbcenter\u00bb][vc_single_image image=\u00bb15942&#8243; img_size=\u00bbfull\u00bb alignment=\u00bbcenter\u00bb][\/vc_column][vc_column width=\u00bb1\/2&#8243;][vc_single_image image=\u00bb15940&#8243; img_size=\u00bbfull\u00bb alignment=\u00bbcenter\u00bb][vc_single_image image=\u00bb15939&#8243; img_size=\u00bbfull\u00bb alignment=\u00bbcenter\u00bb][vc_single_image image=\u00bb15941&#8243; img_size=\u00bbfull\u00bb alignment=\u00bbcenter\u00bb][\/vc_column][\/vc_row]<\/p>\n","protected":false},"excerpt":{"rendered":"<p>[vc_row][vc_column width=\u00bb1\/1&#8243;][vc_column_text]Hoy estamos participando del primer d\u00eda de este importante encuentro en nuestra querida Isla. En esta jornada, bajo la conducci\u00f3n de la maestra de ceremonias Maeva Atam, hemos sido testigos de conferencias magistrales y de las valiosas mesas de di\u00e1logo que abordan temas fundamentales como la igualdad de g\u00e9nero, la justicia social, la educaci\u00f3n y formaci\u00f3n, y la salud y bienestar. \ud83d\udcac\ud83c\udf0d Es una experiencia sumamente enriquecedora e importante para el desarrollo de nuestra isla, y hemos tenido el honor de compartir con grandes personalidades, como Ver\u00f3nica Kunze, vicepresidenta del directorio de Banco Estado y ex subsecretaria de Turismo. \ud83d\ude4c\u2728 Seguiremos siendo parte de esta jornada transformadora que se llevar\u00e1 a cabo los d\u00edas 25, 26 y 27 de septiembre. \u00a1Es un privilegio aportar al crecimiento de nuestra comunidad![\/vc_column_text][\/vc_column][\/vc_row][vc_row][vc_column width=\u00bb1\/2&#8243;][vc_single_image image=\u00bb15937&#8243; img_size=\u00bbfull\u00bb alignment=\u00bbcenter\u00bb][vc_single_image image=\u00bb15938&#8243; img_size=\u00bbfull\u00bb alignment=\u00bbcenter\u00bb][vc_single_image image=\u00bb15942&#8243; img_size=\u00bbfull\u00bb alignment=\u00bbcenter\u00bb][\/vc_column][vc_column width=\u00bb1\/2&#8243;][vc_single_image image=\u00bb15940&#8243; img_size=\u00bbfull\u00bb alignment=\u00bbcenter\u00bb][vc_single_image image=\u00bb15939&#8243; img_size=\u00bbfull\u00bb alignment=\u00bbcenter\u00bb][vc_single_image image=\u00bb15941&#8243; img_size=\u00bbfull\u00bb alignment=\u00bbcenter\u00bb][\/vc_column][\/vc_row]<\/p>\n","protected":false},"author":1,"featured_media":15937,"comment_status":"open","ping_status":"open","sticky":false,"template":"","format":"standard","meta":{"footnotes":""},"categories":[75,73],"tags":[],"class_list":["post-15936","post","type-post","status-publish","format-standard","has-post-thumbnail","hentry","category-comunidad","category-noticias"],"_links":{"self":[{"href":"https:\/\/ivonnenahoe.cl\/index.php?rest_route=\/wp\/v2\/posts\/15936","targetHints":{"allow":["GET"]}}],"collection":[{"href":"https:\/\/ivonnenahoe.cl\/index.php?rest_route=\/wp\/v2\/posts"}],"about":[{"href":"https:\/\/ivonnenahoe.cl\/index.php?rest_route=\/wp\/v2\/types\/post"}],"author":[{"embeddable":true,"href":"https:\/\/ivonnenahoe.cl\/index.php?rest_route=\/wp\/v2\/users\/1"}],"replies":[{"embeddable":true,"href":"https:\/\/ivonnenahoe.cl\/index.php?rest_route=%2Fwp%2Fv2%2Fcomments&post=15936"}],"version-history":[{"count":1,"href":"https:\/\/ivonnenahoe.cl\/index.php?rest_route=\/wp\/v2\/posts\/15936\/revisions"}],"predecessor-version":[{"id":15943,"href":"https:\/\/ivonnenahoe.cl\/index.php?rest_route=\/wp\/v2\/posts\/15936\/revisions\/15943"}],"wp:featuredmedia":[{"embeddable":true,"href":"https:\/\/ivonnenahoe.cl\/index.php?rest_route=\/wp\/v2\/media\/15937"}],"wp:attachment":[{"href":"https:\/\/ivonnenahoe.cl\/index.php?rest_route=%2Fwp%2Fv2%2Fmedia&parent=15936"}],"wp:term":[{"taxonomy":"category","embeddable":true,"href":"https:\/\/ivonnenahoe.cl\/index.php?rest_route=%2Fwp%2Fv2%2Fcategories&post=15936"},{"taxonomy":"post_tag","embeddable":true,"href":"https:\/\/ivonnenahoe.cl\/index.php?rest_route=%2Fwp%2Fv2%2Ftags&post=15936"}],"curies":[{"name":"wp","href":"https:\/\/api.w.org\/{rel}","templated":true}]}}