{"id":15944,"date":"2024-09-27T14:04:53","date_gmt":"2024-09-27T14:04:53","guid":{"rendered":"https:\/\/ivonnenahoe.cl\/?p=15944"},"modified":"2024-11-08T03:07:28","modified_gmt":"2024-11-08T03:07:28","slug":"compartiendo-con-rotary-club-rapa-nui","status":"publish","type":"post","link":"https:\/\/ivonnenahoe.cl\/?p=15944","title":{"rendered":"Compartiendo con Rotary Club Rapa Nui"},"content":{"rendered":"<p>[vc_row][vc_column][vc_column_text]Este mi\u00e9rcoles tuve el honor de presentar mi candidatura a concejala en el Rotary Club Rapa Nui. Fue una jornada especial en la que compart\u00ed nuestras propuestas y c\u00f3mo juntos podemos seguir construyendo un mejor futuro para nuestra isla.<\/p>\n<p>En la foto me acompa\u00f1an el presidente y el secretario del Rotary, con quienes dialogamos sobre los desaf\u00edos y oportunidades que enfrenta nuestra comunidad.<\/p>\n<p>Es el momento de trabajar juntos para enfrentar los desaf\u00edos que vienen.<\/p>\n<p>\u00a1Trabajemos juntos por Rapa Nui![\/vc_column_text][\/vc_column][\/vc_row][vc_row][vc_column width=\u00bb1\/1&#8243;][vc_single_image image=\u00bb15945&#8243; img_size=\u00bbfull\u00bb alignment=\u00bbcenter\u00bb][\/vc_column][\/vc_row]<\/p>\n","protected":false},"excerpt":{"rendered":"<p>[vc_row][vc_column][vc_column_text]Este mi\u00e9rcoles tuve el honor de presentar mi candidatura a concejala en el Rotary Club Rapa Nui. Fue una jornada especial en la que compart\u00ed nuestras propuestas y c\u00f3mo juntos podemos seguir construyendo un mejor futuro para nuestra isla. En la foto me acompa\u00f1an el presidente y el secretario del Rotary, con quienes dialogamos sobre los desaf\u00edos y oportunidades que enfrenta nuestra comunidad. Es el momento de trabajar juntos para enfrentar los desaf\u00edos que vienen. \u00a1Trabajemos juntos por Rapa Nui![\/vc_column_text][\/vc_column][\/vc_row][vc_row][vc_column width=\u00bb1\/1&#8243;][vc_single_image image=\u00bb15945&#8243; img_size=\u00bbfull\u00bb alignment=\u00bbcenter\u00bb][\/vc_column][\/vc_row]<\/p>\n","protected":false},"author":1,"featured_media":15945,"comment_status":"open","ping_status":"open","sticky":false,"template":"","format":"standard","meta":{"footnotes":""},"categories":[75],"tags":[],"class_list":["post-15944","post","type-post","status-publish","format-standard","has-post-thumbnail","hentry","category-comunidad"],"_links":{"self":[{"href":"https:\/\/ivonnenahoe.cl\/index.php?rest_route=\/wp\/v2\/posts\/15944","targetHints":{"allow":["GET"]}}],"collection":[{"href":"https:\/\/ivonnenahoe.cl\/index.php?rest_route=\/wp\/v2\/posts"}],"about":[{"href":"https:\/\/ivonnenahoe.cl\/index.php?rest_route=\/wp\/v2\/types\/post"}],"author":[{"embeddable":true,"href":"https:\/\/ivonnenahoe.cl\/index.php?rest_route=\/wp\/v2\/users\/1"}],"replies":[{"embeddable":true,"href":"https:\/\/ivonnenahoe.cl\/index.php?rest_route=%2Fwp%2Fv2%2Fcomments&post=15944"}],"version-history":[{"count":1,"href":"https:\/\/ivonnenahoe.cl\/index.php?rest_route=\/wp\/v2\/posts\/15944\/revisions"}],"predecessor-version":[{"id":15946,"href":"https:\/\/ivonnenahoe.cl\/index.php?rest_route=\/wp\/v2\/posts\/15944\/revisions\/15946"}],"wp:featuredmedia":[{"embeddable":true,"href":"https:\/\/ivonnenahoe.cl\/index.php?rest_route=\/wp\/v2\/media\/15945"}],"wp:attachment":[{"href":"https:\/\/ivonnenahoe.cl\/index.php?rest_route=%2Fwp%2Fv2%2Fmedia&parent=15944"}],"wp:term":[{"taxonomy":"category","embeddable":true,"href":"https:\/\/ivonnenahoe.cl\/index.php?rest_route=%2Fwp%2Fv2%2Fcategories&post=15944"},{"taxonomy":"post_tag","embeddable":true,"href":"https:\/\/ivonnenahoe.cl\/index.php?rest_route=%2Fwp%2Fv2%2Ftags&post=15944"}],"curies":[{"name":"wp","href":"https:\/\/api.w.org\/{rel}","templated":true}]}}