{"id":15955,"date":"2024-09-28T17:13:25","date_gmt":"2024-09-28T17:13:25","guid":{"rendered":"https:\/\/ivonnenahoe.cl\/?p=15955"},"modified":"2024-11-08T03:18:30","modified_gmt":"2024-11-08T03:18:30","slug":"visita-a-fundacion-nino-y-patria","status":"publish","type":"post","link":"https:\/\/ivonnenahoe.cl\/?p=15955","title":{"rendered":"Visita a Fundaci\u00f3n Ni\u00f1o y Patria"},"content":{"rendered":"<p>[vc_row][vc_column width=\u00bb1\/1&#8243;][vc_column_text]\u00a1Ayer fue un d\u00eda especial!<\/p>\n<p>Tuvimos la oportunidad de visitar la residencia de la Fundaci\u00f3n Ni\u00f1o y Patria en Rapa Nui, parte de dos de los cinco proyectos que la fundaci\u00f3n desarrolla en la isla: la residencia y el programa ambulatorio PIE Haka Ara Te Mana&#8217;u.<\/p>\n<p>La residencia Hare o Tatou i Rapa Nui es m\u00e1s que una casa: es un espacio de cuidado y protecci\u00f3n. Junto al programa ambulatorio, trabajan con dedicaci\u00f3n para mejorar la vida de los ni\u00f1os, ni\u00f1as y adolescentes de Rapa Nui, ayudando en su integraci\u00f3n familiar y social.<\/p>\n<p>En las fotos:<br \/>\nMinistro Presidente de la Iltma. Corte de Apelaciones de Valpara\u00edso, don Rafael Corval\u00e1n<br \/>\nMagistrado (S) del Juzgado Mixto de Isla de Pascua, don Daniel Valenzuela<br \/>\nDirectora Nacional de Fundaci\u00f3n Ni\u00f1o y Patria, Erika Ponce<br \/>\nTamaiti Ch\u00e1vez Pakomio, jefa de la oficina local<br \/>\nDiputado Hotu Iti<br \/>\nIvonne Nahoe, candidata a concejal[\/vc_column_text][\/vc_column][\/vc_row][vc_row][vc_column width=\u00bb1\/2&#8243;][vc_single_image image=\u00bb15957&#8243; img_size=\u00bbmedium\u00bb alignment=\u00bbcenter\u00bb][\/vc_column][vc_column width=\u00bb1\/2&#8243;][vc_single_image image=\u00bb15956&#8243; img_size=\u00bbmedium\u00bb alignment=\u00bbcenter\u00bb][\/vc_column][\/vc_row]<\/p>\n","protected":false},"excerpt":{"rendered":"<p>[vc_row][vc_column width=\u00bb1\/1&#8243;][vc_column_text]\u00a1Ayer fue un d\u00eda especial! Tuvimos la oportunidad de visitar la residencia de la Fundaci\u00f3n Ni\u00f1o y Patria en Rapa Nui, parte de dos de los cinco proyectos que la fundaci\u00f3n desarrolla en la isla: la residencia y el programa ambulatorio PIE Haka Ara Te Mana&#8217;u. La residencia Hare o Tatou i Rapa Nui es m\u00e1s que una casa: es un espacio de cuidado y protecci\u00f3n. Junto al programa ambulatorio, trabajan con dedicaci\u00f3n para mejorar la vida de los ni\u00f1os, ni\u00f1as y adolescentes de Rapa Nui, ayudando en su integraci\u00f3n familiar y social. En las fotos: Ministro Presidente de la Iltma. Corte de Apelaciones de Valpara\u00edso, don Rafael Corval\u00e1n Magistrado (S) del Juzgado Mixto de Isla de Pascua, don Daniel Valenzuela Directora Nacional de Fundaci\u00f3n Ni\u00f1o y Patria, Erika Ponce Tamaiti Ch\u00e1vez Pakomio, jefa de la oficina local Diputado Hotu Iti Ivonne Nahoe, candidata a concejal[\/vc_column_text][\/vc_column][\/vc_row][vc_row][vc_column width=\u00bb1\/2&#8243;][vc_single_image image=\u00bb15957&#8243; img_size=\u00bbmedium\u00bb alignment=\u00bbcenter\u00bb][\/vc_column][vc_column width=\u00bb1\/2&#8243;][vc_single_image image=\u00bb15956&#8243; img_size=\u00bbmedium\u00bb alignment=\u00bbcenter\u00bb][\/vc_column][\/vc_row]<\/p>\n","protected":false},"author":1,"featured_media":15957,"comment_status":"open","ping_status":"open","sticky":false,"template":"","format":"standard","meta":{"footnotes":""},"categories":[75,73],"tags":[],"class_list":["post-15955","post","type-post","status-publish","format-standard","has-post-thumbnail","hentry","category-comunidad","category-noticias"],"_links":{"self":[{"href":"https:\/\/ivonnenahoe.cl\/index.php?rest_route=\/wp\/v2\/posts\/15955","targetHints":{"allow":["GET"]}}],"collection":[{"href":"https:\/\/ivonnenahoe.cl\/index.php?rest_route=\/wp\/v2\/posts"}],"about":[{"href":"https:\/\/ivonnenahoe.cl\/index.php?rest_route=\/wp\/v2\/types\/post"}],"author":[{"embeddable":true,"href":"https:\/\/ivonnenahoe.cl\/index.php?rest_route=\/wp\/v2\/users\/1"}],"replies":[{"embeddable":true,"href":"https:\/\/ivonnenahoe.cl\/index.php?rest_route=%2Fwp%2Fv2%2Fcomments&post=15955"}],"version-history":[{"count":1,"href":"https:\/\/ivonnenahoe.cl\/index.php?rest_route=\/wp\/v2\/posts\/15955\/revisions"}],"predecessor-version":[{"id":15958,"href":"https:\/\/ivonnenahoe.cl\/index.php?rest_route=\/wp\/v2\/posts\/15955\/revisions\/15958"}],"wp:featuredmedia":[{"embeddable":true,"href":"https:\/\/ivonnenahoe.cl\/index.php?rest_route=\/wp\/v2\/media\/15957"}],"wp:attachment":[{"href":"https:\/\/ivonnenahoe.cl\/index.php?rest_route=%2Fwp%2Fv2%2Fmedia&parent=15955"}],"wp:term":[{"taxonomy":"category","embeddable":true,"href":"https:\/\/ivonnenahoe.cl\/index.php?rest_route=%2Fwp%2Fv2%2Fcategories&post=15955"},{"taxonomy":"post_tag","embeddable":true,"href":"https:\/\/ivonnenahoe.cl\/index.php?rest_route=%2Fwp%2Fv2%2Ftags&post=15955"}],"curies":[{"name":"wp","href":"https:\/\/api.w.org\/{rel}","templated":true}]}}