{"id":15959,"date":"2024-10-03T11:19:13","date_gmt":"2024-10-03T11:19:13","guid":{"rendered":"https:\/\/ivonnenahoe.cl\/?p=15959"},"modified":"2024-11-08T03:23:39","modified_gmt":"2024-11-08T03:23:39","slug":"eclipse-anular-en-rapa-nui","status":"publish","type":"post","link":"https:\/\/ivonnenahoe.cl\/?p=15959","title":{"rendered":"Eclipse anular en Rapa Nui"},"content":{"rendered":"<p>[vc_row][vc_column width=\u00bb1\/1&#8243;][vc_column_text]Como candidata a concejala y habitante de esta hermosa isla, tuve el privilegio de vivir este incre\u00edble fen\u00f3meno astron\u00f3mico que nos conect\u00f3 con la naturaleza y nuestras ra\u00edces. \ud83c\udf18\u2728 El eclipse anular nos record\u00f3 lo especial que es este lugar y lo importante que es seguir trabajando por su preservaci\u00f3n y bienestar.<\/p>\n<p>\ud83d\ude4f\ud83c\udffc Fue un momento de reflexi\u00f3n y uni\u00f3n, donde la majestuosidad del cielo nos inspir\u00f3 a seguir avanzando, siempre con el compromiso de cuidar nuestra tierra y cultura.<\/p>\n<p>Mauru\u2019uru a todos quienes compartieron este instante m\u00e1gico en nuestra querida Rapa Nui.[\/vc_column_text][\/vc_column][\/vc_row][vc_row][vc_column width=\u00bb1\/2&#8243;][vc_single_image image=\u00bb15960&#8243; img_size=\u00bbmedium\u00bb alignment=\u00bbcenter\u00bb][\/vc_column][vc_column width=\u00bb1\/2&#8243;][vc_single_image image=\u00bb15961&#8243; img_size=\u00bbmedium\u00bb alignment=\u00bbcenter\u00bb][\/vc_column][\/vc_row]<\/p>\n","protected":false},"excerpt":{"rendered":"<p>[vc_row][vc_column width=\u00bb1\/1&#8243;][vc_column_text]Como candidata a concejala y habitante de esta hermosa isla, tuve el privilegio de vivir este incre\u00edble fen\u00f3meno astron\u00f3mico que nos conect\u00f3 con la naturaleza y nuestras ra\u00edces. \ud83c\udf18\u2728 El eclipse anular nos record\u00f3 lo especial que es este lugar y lo importante que es seguir trabajando por su preservaci\u00f3n y bienestar. \ud83d\ude4f\ud83c\udffc Fue un momento de reflexi\u00f3n y uni\u00f3n, donde la majestuosidad del cielo nos inspir\u00f3 a seguir avanzando, siempre con el compromiso de cuidar nuestra tierra y cultura. Mauru\u2019uru a todos quienes compartieron este instante m\u00e1gico en nuestra querida Rapa Nui.[\/vc_column_text][\/vc_column][\/vc_row][vc_row][vc_column width=\u00bb1\/2&#8243;][vc_single_image image=\u00bb15960&#8243; img_size=\u00bbmedium\u00bb alignment=\u00bbcenter\u00bb][\/vc_column][vc_column width=\u00bb1\/2&#8243;][vc_single_image image=\u00bb15961&#8243; img_size=\u00bbmedium\u00bb alignment=\u00bbcenter\u00bb][\/vc_column][\/vc_row]<\/p>\n","protected":false},"author":1,"featured_media":15960,"comment_status":"open","ping_status":"open","sticky":false,"template":"","format":"standard","meta":{"footnotes":""},"categories":[73,76],"tags":[],"class_list":["post-15959","post","type-post","status-publish","format-standard","has-post-thumbnail","hentry","category-noticias","category-turismo"],"_links":{"self":[{"href":"https:\/\/ivonnenahoe.cl\/index.php?rest_route=\/wp\/v2\/posts\/15959","targetHints":{"allow":["GET"]}}],"collection":[{"href":"https:\/\/ivonnenahoe.cl\/index.php?rest_route=\/wp\/v2\/posts"}],"about":[{"href":"https:\/\/ivonnenahoe.cl\/index.php?rest_route=\/wp\/v2\/types\/post"}],"author":[{"embeddable":true,"href":"https:\/\/ivonnenahoe.cl\/index.php?rest_route=\/wp\/v2\/users\/1"}],"replies":[{"embeddable":true,"href":"https:\/\/ivonnenahoe.cl\/index.php?rest_route=%2Fwp%2Fv2%2Fcomments&post=15959"}],"version-history":[{"count":1,"href":"https:\/\/ivonnenahoe.cl\/index.php?rest_route=\/wp\/v2\/posts\/15959\/revisions"}],"predecessor-version":[{"id":15962,"href":"https:\/\/ivonnenahoe.cl\/index.php?rest_route=\/wp\/v2\/posts\/15959\/revisions\/15962"}],"wp:featuredmedia":[{"embeddable":true,"href":"https:\/\/ivonnenahoe.cl\/index.php?rest_route=\/wp\/v2\/media\/15960"}],"wp:attachment":[{"href":"https:\/\/ivonnenahoe.cl\/index.php?rest_route=%2Fwp%2Fv2%2Fmedia&parent=15959"}],"wp:term":[{"taxonomy":"category","embeddable":true,"href":"https:\/\/ivonnenahoe.cl\/index.php?rest_route=%2Fwp%2Fv2%2Fcategories&post=15959"},{"taxonomy":"post_tag","embeddable":true,"href":"https:\/\/ivonnenahoe.cl\/index.php?rest_route=%2Fwp%2Fv2%2Ftags&post=15959"}],"curies":[{"name":"wp","href":"https:\/\/api.w.org\/{rel}","templated":true}]}}