{"id":15964,"date":"2024-10-09T12:25:19","date_gmt":"2024-10-09T12:25:19","guid":{"rendered":"https:\/\/ivonnenahoe.cl\/?p=15964"},"modified":"2024-11-08T03:27:37","modified_gmt":"2024-11-08T03:27:37","slug":"reunion-fenpruss","status":"publish","type":"post","link":"https:\/\/ivonnenahoe.cl\/?p=15964","title":{"rendered":"Reuni\u00f3n FENPRUSS"},"content":{"rendered":"<p>[vc_row][vc_column width=\u00bb1\/1&#8243;][vc_column_text]El pasado viernes, tuvimos una productiva reuni\u00f3n con la Confederaci\u00f3n Nacional de Profesionales Universitarios de los Servicios de Salud (FENPRUSS).<\/p>\n<p>En este encuentro, la presidenta Ximena Padilla (nutricionista), la secretaria Vai Tiare Manterola (trabajadora social) y la tesorera B\u00e1rbara Tramon (psic\u00f3loga) compartieron sus inquietudes y necesidades en un ambiente c\u00e1lido y de colaboraci\u00f3n.<\/p>\n<p>Fue un di\u00e1logo enriquecedor, donde recogimos importantes desaf\u00edos para seguir trabajando en conjunto por el bienestar de los profesionales de la salud y nuestra comunidad. Como concejala, me comprometo a hacer seguimiento a las mejoras que nos aquejan como zona extrema en Rapa Nui. \u00a1<\/p>\n<p>Trabajemos juntos por Rapa Nui! Soy Ivonne Nahoe, candidata a concejala.\ud83c\udf3a[\/vc_column_text][\/vc_column][\/vc_row][vc_row][vc_column width=\u00bb1\/1&#8243;][vc_single_image image=\u00bb15965&#8243; img_size=\u00bbfull\u00bb alignment=\u00bbcenter\u00bb][\/vc_column][\/vc_row]<\/p>\n","protected":false},"excerpt":{"rendered":"<p>[vc_row][vc_column width=\u00bb1\/1&#8243;][vc_column_text]El pasado viernes, tuvimos una productiva reuni\u00f3n con la Confederaci\u00f3n Nacional de Profesionales Universitarios de los Servicios de Salud (FENPRUSS). En este encuentro, la presidenta Ximena Padilla (nutricionista), la secretaria Vai Tiare Manterola (trabajadora social) y la tesorera B\u00e1rbara Tramon (psic\u00f3loga) compartieron sus inquietudes y necesidades en un ambiente c\u00e1lido y de colaboraci\u00f3n. Fue un di\u00e1logo enriquecedor, donde recogimos importantes desaf\u00edos para seguir trabajando en conjunto por el bienestar de los profesionales de la salud y nuestra comunidad. Como concejala, me comprometo a hacer seguimiento a las mejoras que nos aquejan como zona extrema en Rapa Nui. \u00a1 Trabajemos juntos por Rapa Nui! Soy Ivonne Nahoe, candidata a concejala.\ud83c\udf3a[\/vc_column_text][\/vc_column][\/vc_row][vc_row][vc_column width=\u00bb1\/1&#8243;][vc_single_image image=\u00bb15965&#8243; img_size=\u00bbfull\u00bb alignment=\u00bbcenter\u00bb][\/vc_column][\/vc_row]<\/p>\n","protected":false},"author":1,"featured_media":15965,"comment_status":"open","ping_status":"open","sticky":false,"template":"","format":"standard","meta":{"footnotes":""},"categories":[75,73],"tags":[],"class_list":["post-15964","post","type-post","status-publish","format-standard","has-post-thumbnail","hentry","category-comunidad","category-noticias"],"_links":{"self":[{"href":"https:\/\/ivonnenahoe.cl\/index.php?rest_route=\/wp\/v2\/posts\/15964","targetHints":{"allow":["GET"]}}],"collection":[{"href":"https:\/\/ivonnenahoe.cl\/index.php?rest_route=\/wp\/v2\/posts"}],"about":[{"href":"https:\/\/ivonnenahoe.cl\/index.php?rest_route=\/wp\/v2\/types\/post"}],"author":[{"embeddable":true,"href":"https:\/\/ivonnenahoe.cl\/index.php?rest_route=\/wp\/v2\/users\/1"}],"replies":[{"embeddable":true,"href":"https:\/\/ivonnenahoe.cl\/index.php?rest_route=%2Fwp%2Fv2%2Fcomments&post=15964"}],"version-history":[{"count":1,"href":"https:\/\/ivonnenahoe.cl\/index.php?rest_route=\/wp\/v2\/posts\/15964\/revisions"}],"predecessor-version":[{"id":15966,"href":"https:\/\/ivonnenahoe.cl\/index.php?rest_route=\/wp\/v2\/posts\/15964\/revisions\/15966"}],"wp:featuredmedia":[{"embeddable":true,"href":"https:\/\/ivonnenahoe.cl\/index.php?rest_route=\/wp\/v2\/media\/15965"}],"wp:attachment":[{"href":"https:\/\/ivonnenahoe.cl\/index.php?rest_route=%2Fwp%2Fv2%2Fmedia&parent=15964"}],"wp:term":[{"taxonomy":"category","embeddable":true,"href":"https:\/\/ivonnenahoe.cl\/index.php?rest_route=%2Fwp%2Fv2%2Fcategories&post=15964"},{"taxonomy":"post_tag","embeddable":true,"href":"https:\/\/ivonnenahoe.cl\/index.php?rest_route=%2Fwp%2Fv2%2Ftags&post=15964"}],"curies":[{"name":"wp","href":"https:\/\/api.w.org\/{rel}","templated":true}]}}