{"id":15974,"date":"2024-10-18T14:34:06","date_gmt":"2024-10-18T14:34:06","guid":{"rendered":"https:\/\/ivonnenahoe.cl\/?p=15974"},"modified":"2024-11-08T03:36:39","modified_gmt":"2024-11-08T03:36:39","slug":"turismo-sustentable-bajo-el-cambio-climatico","status":"publish","type":"post","link":"https:\/\/ivonnenahoe.cl\/?p=15974","title":{"rendered":"Turismo Sustentable bajo el Cambio Clim\u00e1tico"},"content":{"rendered":"<p>[vc_row][vc_column width=\u00bb1\/1&#8243;][vc_column_text]Ayer fui invitada a exponer en el Hotel Hanga Roa, en el marco de la charla sobre Turismo Sustentable bajo el Cambio Clim\u00e1tico, organizada por CONAF.<\/p>\n<p>Durante mi presentaci\u00f3n, abord\u00e9 las oportunidades y amenazas del turismo en Rapa Nui, destacando la necesidad de tomar acciones que mitiguen el impacto de los miles de visitantes que recibimos.<\/p>\n<p>Como candidata a concejala, seguir\u00e9 impulsando estas iniciativas para proteger nuestra tierra y cultura.[\/vc_column_text][\/vc_column][\/vc_row][vc_row][vc_column width=\u00bb1\/3&#8243;][vc_single_image image=\u00bb15975&#8243; img_size=\u00bbfull\u00bb alignment=\u00bbcenter\u00bb][\/vc_column][vc_column width=\u00bb1\/3&#8243;][vc_single_image image=\u00bb15976&#8243; img_size=\u00bbfull\u00bb alignment=\u00bbcenter\u00bb][\/vc_column][vc_column width=\u00bb1\/3&#8243;][vc_single_image image=\u00bb15977&#8243; img_size=\u00bbfull\u00bb alignment=\u00bbcenter\u00bb][\/vc_column][\/vc_row]<\/p>\n","protected":false},"excerpt":{"rendered":"<p>[vc_row][vc_column width=\u00bb1\/1&#8243;][vc_column_text]Ayer fui invitada a exponer en el Hotel Hanga Roa, en el marco de la charla sobre Turismo Sustentable bajo el Cambio Clim\u00e1tico, organizada por CONAF. Durante mi presentaci\u00f3n, abord\u00e9 las oportunidades y amenazas del turismo en Rapa Nui, destacando la necesidad de tomar acciones que mitiguen el impacto de los miles de visitantes que recibimos. Como candidata a concejala, seguir\u00e9 impulsando estas iniciativas para proteger nuestra tierra y cultura.[\/vc_column_text][\/vc_column][\/vc_row][vc_row][vc_column width=\u00bb1\/3&#8243;][vc_single_image image=\u00bb15975&#8243; img_size=\u00bbfull\u00bb alignment=\u00bbcenter\u00bb][\/vc_column][vc_column width=\u00bb1\/3&#8243;][vc_single_image image=\u00bb15976&#8243; img_size=\u00bbfull\u00bb alignment=\u00bbcenter\u00bb][\/vc_column][vc_column width=\u00bb1\/3&#8243;][vc_single_image image=\u00bb15977&#8243; img_size=\u00bbfull\u00bb alignment=\u00bbcenter\u00bb][\/vc_column][\/vc_row]<\/p>\n","protected":false},"author":1,"featured_media":15975,"comment_status":"open","ping_status":"open","sticky":false,"template":"","format":"standard","meta":{"footnotes":""},"categories":[75,76],"tags":[],"class_list":["post-15974","post","type-post","status-publish","format-standard","has-post-thumbnail","hentry","category-comunidad","category-turismo"],"_links":{"self":[{"href":"https:\/\/ivonnenahoe.cl\/index.php?rest_route=\/wp\/v2\/posts\/15974","targetHints":{"allow":["GET"]}}],"collection":[{"href":"https:\/\/ivonnenahoe.cl\/index.php?rest_route=\/wp\/v2\/posts"}],"about":[{"href":"https:\/\/ivonnenahoe.cl\/index.php?rest_route=\/wp\/v2\/types\/post"}],"author":[{"embeddable":true,"href":"https:\/\/ivonnenahoe.cl\/index.php?rest_route=\/wp\/v2\/users\/1"}],"replies":[{"embeddable":true,"href":"https:\/\/ivonnenahoe.cl\/index.php?rest_route=%2Fwp%2Fv2%2Fcomments&post=15974"}],"version-history":[{"count":1,"href":"https:\/\/ivonnenahoe.cl\/index.php?rest_route=\/wp\/v2\/posts\/15974\/revisions"}],"predecessor-version":[{"id":15978,"href":"https:\/\/ivonnenahoe.cl\/index.php?rest_route=\/wp\/v2\/posts\/15974\/revisions\/15978"}],"wp:featuredmedia":[{"embeddable":true,"href":"https:\/\/ivonnenahoe.cl\/index.php?rest_route=\/wp\/v2\/media\/15975"}],"wp:attachment":[{"href":"https:\/\/ivonnenahoe.cl\/index.php?rest_route=%2Fwp%2Fv2%2Fmedia&parent=15974"}],"wp:term":[{"taxonomy":"category","embeddable":true,"href":"https:\/\/ivonnenahoe.cl\/index.php?rest_route=%2Fwp%2Fv2%2Fcategories&post=15974"},{"taxonomy":"post_tag","embeddable":true,"href":"https:\/\/ivonnenahoe.cl\/index.php?rest_route=%2Fwp%2Fv2%2Ftags&post=15974"}],"curies":[{"name":"wp","href":"https:\/\/api.w.org\/{rel}","templated":true}]}}