{"id":15982,"date":"2024-10-21T15:39:48","date_gmt":"2024-10-21T15:39:48","guid":{"rendered":"https:\/\/ivonnenahoe.cl\/?p=15982"},"modified":"2024-11-08T03:41:42","modified_gmt":"2024-11-08T03:41:42","slug":"que-es-un-concejal-y-cual-es-su-papel-en-la-administracion-publica","status":"publish","type":"post","link":"https:\/\/ivonnenahoe.cl\/?p=15982","title":{"rendered":"\u00bfQu\u00e9 es un concejal y cu\u00e1l es su papel en la administraci\u00f3n p\u00fablica?"},"content":{"rendered":"<p>[vc_row][vc_column width=\u00bb1\/1&#8243;][vc_column_text]Los concejales son piezas clave en la administraci\u00f3n p\u00fablica local. Como representantes electos por la comunidad, su principal responsabilidad es tomar decisiones que promuevan el bienestar de los ciudadanos. Su trabajo abarca desde la creaci\u00f3n de leyes y regulaciones hasta la supervisi\u00f3n de los servicios p\u00fablicos, siempre con el objetivo de mejorar la calidad de vida en su municipio.<\/p>\n<p>Como candidata a concejala, me comprometo a trabajar por el bienestar de Rapa Nui. Quiero enfrentar los desaf\u00edos de nuestra isla con compromiso, escuchando a la comunidad y generando soluciones que nos beneficien a todos.<\/p>\n<p>\ud83d\udca1 Mis compromisos como concejala:<\/p>\n<p>\ud83c\udf1f Construir una red de apoyo<br \/>\nEstablecer\u00e9 relaciones con otros concejales, l\u00edderes comunitarios y organizaciones locales. Creo que el trabajo en equipo y las alianzas son esenciales para alcanzar nuestros objetivos comunes.<\/p>\n<p>\ud83c\udf1f Participar activamente<br \/>\nVoy a asistir a todas las sesiones del concejo municipal, participar en debates y presentar propuestas que respondan a las necesidades de nuestra comunidad. Ser\u00e9 proactiva en la b\u00fasqueda de soluciones.<\/p>\n<p>\ud83c\udf1f Escuchar a los ciudadanos<br \/>\nMantendr\u00e9 siempre un canal de comunicaci\u00f3n abierto con ustedes, los vecinos. Escuchar sus inquietudes y trabajar juntos para encontrar soluciones ser\u00e1 una prioridad en mi gesti\u00f3n.<\/p>\n<p>\ud83c\udf1f Capacitarme constantemente<br \/>\nSeguir\u00e9 participando en cursos, talleres y seminarios sobre gesti\u00f3n municipal y leyes, para mantenerme actualizada y tomar decisiones informadas que beneficien a Rapa Nui.<\/p>\n<p>Este 26 y 27 de octubre, vota U-270.[\/vc_column_text][\/vc_column][\/vc_row][vc_row][vc_column width=\u00bb1\/1&#8243;][vc_single_image image=\u00bb15983&#8243; img_size=\u00bbmedium\u00bb alignment=\u00bbcenter\u00bb][\/vc_column][\/vc_row]<\/p>\n","protected":false},"excerpt":{"rendered":"<p>[vc_row][vc_column width=\u00bb1\/1&#8243;][vc_column_text]Los concejales son piezas clave en la administraci\u00f3n p\u00fablica local. Como representantes electos por la comunidad, su principal responsabilidad es tomar decisiones que promuevan el bienestar de los ciudadanos. Su trabajo abarca desde la creaci\u00f3n de leyes y regulaciones hasta la supervisi\u00f3n de los servicios p\u00fablicos, siempre con el objetivo de mejorar la calidad de vida en su municipio. Como candidata a concejala, me comprometo a trabajar por el bienestar de Rapa Nui. Quiero enfrentar los desaf\u00edos de nuestra isla con compromiso, escuchando a la comunidad y generando soluciones que nos beneficien a todos. \ud83d\udca1 Mis compromisos como concejala: \ud83c\udf1f Construir una red de apoyo Establecer\u00e9 relaciones con otros concejales, l\u00edderes comunitarios y organizaciones locales. Creo que el trabajo en equipo y las alianzas son esenciales para alcanzar nuestros objetivos comunes. \ud83c\udf1f Participar activamente Voy a asistir a todas las sesiones del concejo municipal, participar en debates y presentar propuestas que respondan a las necesidades de nuestra comunidad. Ser\u00e9 proactiva en la b\u00fasqueda de soluciones. \ud83c\udf1f Escuchar a los ciudadanos Mantendr\u00e9 siempre un canal de comunicaci\u00f3n abierto con ustedes, los vecinos. Escuchar sus inquietudes y trabajar juntos para encontrar soluciones ser\u00e1 una prioridad en mi gesti\u00f3n. \ud83c\udf1f Capacitarme constantemente [&hellip;]<\/p>\n","protected":false},"author":1,"featured_media":15983,"comment_status":"open","ping_status":"open","sticky":false,"template":"","format":"standard","meta":{"footnotes":""},"categories":[73],"tags":[],"class_list":["post-15982","post","type-post","status-publish","format-standard","has-post-thumbnail","hentry","category-noticias"],"_links":{"self":[{"href":"https:\/\/ivonnenahoe.cl\/index.php?rest_route=\/wp\/v2\/posts\/15982","targetHints":{"allow":["GET"]}}],"collection":[{"href":"https:\/\/ivonnenahoe.cl\/index.php?rest_route=\/wp\/v2\/posts"}],"about":[{"href":"https:\/\/ivonnenahoe.cl\/index.php?rest_route=\/wp\/v2\/types\/post"}],"author":[{"embeddable":true,"href":"https:\/\/ivonnenahoe.cl\/index.php?rest_route=\/wp\/v2\/users\/1"}],"replies":[{"embeddable":true,"href":"https:\/\/ivonnenahoe.cl\/index.php?rest_route=%2Fwp%2Fv2%2Fcomments&post=15982"}],"version-history":[{"count":1,"href":"https:\/\/ivonnenahoe.cl\/index.php?rest_route=\/wp\/v2\/posts\/15982\/revisions"}],"predecessor-version":[{"id":15984,"href":"https:\/\/ivonnenahoe.cl\/index.php?rest_route=\/wp\/v2\/posts\/15982\/revisions\/15984"}],"wp:featuredmedia":[{"embeddable":true,"href":"https:\/\/ivonnenahoe.cl\/index.php?rest_route=\/wp\/v2\/media\/15983"}],"wp:attachment":[{"href":"https:\/\/ivonnenahoe.cl\/index.php?rest_route=%2Fwp%2Fv2%2Fmedia&parent=15982"}],"wp:term":[{"taxonomy":"category","embeddable":true,"href":"https:\/\/ivonnenahoe.cl\/index.php?rest_route=%2Fwp%2Fv2%2Fcategories&post=15982"},{"taxonomy":"post_tag","embeddable":true,"href":"https:\/\/ivonnenahoe.cl\/index.php?rest_route=%2Fwp%2Fv2%2Ftags&post=15982"}],"curies":[{"name":"wp","href":"https:\/\/api.w.org\/{rel}","templated":true}]}}