{"id":15991,"date":"2024-11-07T21:49:07","date_gmt":"2024-11-07T21:49:07","guid":{"rendered":"https:\/\/ivonnenahoe.cl\/?p=15991"},"modified":"2024-11-08T03:55:34","modified_gmt":"2024-11-08T03:55:34","slug":"repatriacion-de-bienes-historicos-desde-australia","status":"publish","type":"post","link":"https:\/\/ivonnenahoe.cl\/?p=15991","title":{"rendered":"Repatriaci\u00f3n de Bienes Hist\u00f3ricos desde Australia"},"content":{"rendered":"<p>[vc_row][vc_column width=\u00bb1\/1&#8243;][vc_column_text]Ayer vivimos un momento de profunda emoci\u00f3n en Rapa Nui con la repatriaci\u00f3n de bienes hist\u00f3ricos desde Australia, incluyendo restos de Ivi Tupuna, recuperados tras a\u00f1os de gesti\u00f3n liderada por el Programa de Repatriaci\u00f3n Rapa Nui Ka Haka Hoki Mai Te Ivi Tupuna (PRRN) y la Comunidad Ind\u00edgena Ma\u2019u Henua. \ud83d\udeeb<\/p>\n<p>Estos tesoros ser\u00e1n resguardados en el Museo de Rapa Nui mientras nuestra comunidad determina su destino final. Agradecemos de todo coraz\u00f3n la invitaci\u00f3n y la oportunidad de acompa\u00f1ar a nuestra comunidad en este hito tan especial. \ud83d\udcab<\/p>\n<p>Mauru&#8217;uru Ma\u2019u Henua y a todos quienes hicieron posible este retorno tan esperado. Juntos seguimos trabajando por la preservaci\u00f3n y el orgullo de nuestra cultura y por honrar nuestra identidad ancestral. \u2728[\/vc_column_text][\/vc_column][\/vc_row][vc_row][vc_column width=\u00bb1\/2&#8243;][vc_single_image image=\u00bb15992&#8243; img_size=\u00bbmedium \u00bb alignment=\u00bbcenter\u00bb][vc_single_image image=\u00bb15994&#8243; img_size=\u00bbmedium \u00bb alignment=\u00bbcenter\u00bb][vc_single_image image=\u00bb15996&#8243; img_size=\u00bbmedium \u00bb alignment=\u00bbcenter\u00bb][\/vc_column][vc_column width=\u00bb1\/2&#8243;][vc_single_image image=\u00bb15993&#8243; img_size=\u00bbmedium \u00bb alignment=\u00bbcenter\u00bb][vc_single_image image=\u00bb15995&#8243; img_size=\u00bbmedium \u00bb alignment=\u00bbcenter\u00bb][vc_single_image image=\u00bb15997&#8243; img_size=\u00bbmedium \u00bb alignment=\u00bbcenter\u00bb][\/vc_column][\/vc_row]<\/p>\n","protected":false},"excerpt":{"rendered":"<p>[vc_row][vc_column width=\u00bb1\/1&#8243;][vc_column_text]Ayer vivimos un momento de profunda emoci\u00f3n en Rapa Nui con la repatriaci\u00f3n de bienes hist\u00f3ricos desde Australia, incluyendo restos de Ivi Tupuna, recuperados tras a\u00f1os de gesti\u00f3n liderada por el Programa de Repatriaci\u00f3n Rapa Nui Ka Haka Hoki Mai Te Ivi Tupuna (PRRN) y la Comunidad Ind\u00edgena Ma\u2019u Henua. \ud83d\udeeb Estos tesoros ser\u00e1n resguardados en el Museo de Rapa Nui mientras nuestra comunidad determina su destino final. Agradecemos de todo coraz\u00f3n la invitaci\u00f3n y la oportunidad de acompa\u00f1ar a nuestra comunidad en este hito tan especial. \ud83d\udcab Mauru&#8217;uru Ma\u2019u Henua y a todos quienes hicieron posible este retorno tan esperado. Juntos seguimos trabajando por la preservaci\u00f3n y el orgullo de nuestra cultura y por honrar nuestra identidad ancestral. \u2728[\/vc_column_text][\/vc_column][\/vc_row][vc_row][vc_column width=\u00bb1\/2&#8243;][vc_single_image image=\u00bb15992&#8243; img_size=\u00bbmedium \u00bb alignment=\u00bbcenter\u00bb][vc_single_image image=\u00bb15994&#8243; img_size=\u00bbmedium \u00bb alignment=\u00bbcenter\u00bb][vc_single_image image=\u00bb15996&#8243; img_size=\u00bbmedium \u00bb alignment=\u00bbcenter\u00bb][\/vc_column][vc_column width=\u00bb1\/2&#8243;][vc_single_image image=\u00bb15993&#8243; img_size=\u00bbmedium \u00bb alignment=\u00bbcenter\u00bb][vc_single_image image=\u00bb15995&#8243; img_size=\u00bbmedium \u00bb alignment=\u00bbcenter\u00bb][vc_single_image image=\u00bb15997&#8243; img_size=\u00bbmedium \u00bb alignment=\u00bbcenter\u00bb][\/vc_column][\/vc_row]<\/p>\n","protected":false},"author":1,"featured_media":15992,"comment_status":"open","ping_status":"open","sticky":false,"template":"","format":"standard","meta":{"footnotes":""},"categories":[75],"tags":[],"class_list":["post-15991","post","type-post","status-publish","format-standard","has-post-thumbnail","hentry","category-comunidad"],"_links":{"self":[{"href":"https:\/\/ivonnenahoe.cl\/index.php?rest_route=\/wp\/v2\/posts\/15991","targetHints":{"allow":["GET"]}}],"collection":[{"href":"https:\/\/ivonnenahoe.cl\/index.php?rest_route=\/wp\/v2\/posts"}],"about":[{"href":"https:\/\/ivonnenahoe.cl\/index.php?rest_route=\/wp\/v2\/types\/post"}],"author":[{"embeddable":true,"href":"https:\/\/ivonnenahoe.cl\/index.php?rest_route=\/wp\/v2\/users\/1"}],"replies":[{"embeddable":true,"href":"https:\/\/ivonnenahoe.cl\/index.php?rest_route=%2Fwp%2Fv2%2Fcomments&post=15991"}],"version-history":[{"count":1,"href":"https:\/\/ivonnenahoe.cl\/index.php?rest_route=\/wp\/v2\/posts\/15991\/revisions"}],"predecessor-version":[{"id":15998,"href":"https:\/\/ivonnenahoe.cl\/index.php?rest_route=\/wp\/v2\/posts\/15991\/revisions\/15998"}],"wp:featuredmedia":[{"embeddable":true,"href":"https:\/\/ivonnenahoe.cl\/index.php?rest_route=\/wp\/v2\/media\/15992"}],"wp:attachment":[{"href":"https:\/\/ivonnenahoe.cl\/index.php?rest_route=%2Fwp%2Fv2%2Fmedia&parent=15991"}],"wp:term":[{"taxonomy":"category","embeddable":true,"href":"https:\/\/ivonnenahoe.cl\/index.php?rest_route=%2Fwp%2Fv2%2Fcategories&post=15991"},{"taxonomy":"post_tag","embeddable":true,"href":"https:\/\/ivonnenahoe.cl\/index.php?rest_route=%2Fwp%2Fv2%2Ftags&post=15991"}],"curies":[{"name":"wp","href":"https:\/\/api.w.org\/{rel}","templated":true}]}}