{"id":16024,"date":"2025-04-04T15:55:12","date_gmt":"2025-04-04T15:55:12","guid":{"rendered":"https:\/\/ivonnenahoe.cl\/?p=16024"},"modified":"2026-03-27T16:29:07","modified_gmt":"2026-03-27T16:29:07","slug":"graves-denuncias-contra-ex-alcalde-de-rapa-nui","status":"publish","type":"post","link":"https:\/\/ivonnenahoe.cl\/?p=16024","title":{"rendered":"Graves denuncias contra ex alcalde de Rapa Nui\u00a0"},"content":{"rendered":"<p data-start=\"58\" data-end=\"231\">Como concejala y como mujer rapanui, no puedo permanecer en silencio frente a las denuncias presentadas contra el ex alcalde Pedro Edmunds por notable abandono de deberes.<\/p>\n<p data-start=\"233\" data-end=\"417\">Cuando se trata de la administraci\u00f3n de nuestro municipio, no hablamos solo de gesti\u00f3n interna: hablamos de recursos p\u00fablicos, de confianza ciudadana y del futuro de nuestra isla \ud83c\udfdd\ufe0f<\/p>\n<h3 data-section-id=\"1uitbap\" data-start=\"419\" data-end=\"444\">\u00bfQu\u00e9 est\u00e1 en juego?<\/h3>\n<p data-start=\"446\" data-end=\"541\">\u2022 Gesti\u00f3n financiera negligente.<br data-start=\"478\" data-end=\"481\" \/>\u2022 Conflicto de inter\u00e9s.<br data-start=\"504\" data-end=\"507\" \/>\u2022 Mala administraci\u00f3n municipal.<\/p>\n<p data-start=\"543\" data-end=\"659\">He decidido actuar porque mi compromiso es con la comunidad, no con intereses personales ni con colores pol\u00edticos.<\/p>\n<p data-start=\"661\" data-end=\"909\">Valoro profundamente el liderazgo de la alcaldesa Ar\u00e9valo Pakarati y el trabajo conjunto que hemos impulsado como concejo municipal para esclarecer estos hechos . Este paso no responde a diferencias pol\u00edticas, sino a un deber \u00e9tico con Rapa Nui.<\/p>\n<p data-start=\"911\" data-end=\"1033\">La transparencia no es opcional. Es la base para recuperar la confianza y proyectar un futuro s\u00f3lido para nuestra isla<\/p>\n<p data-start=\"1035\" data-end=\"1150\">Mi compromiso es claro: trabajar con responsabilidad, firmeza y de cara a la comunidad. Por Rapa Nui, siempre.<\/p>\n<p data-start=\"1152\" data-end=\"1262\" data-is-last-node=\"\" data-is-only-node=\"\">#RapaNui #Transparencia #GestionResponsable #Probidad #ConcejoMunicipal #IvonneNahoe #CompromisoConLaComunidad<\/p>\n","protected":false},"excerpt":{"rendered":"<p>Como concejala y como mujer rapanui, no puedo permanecer en silencio frente a las denuncias presentadas contra el ex alcalde Pedro Edmunds por notable abandono de deberes. Cuando se trata de la administraci\u00f3n de nuestro municipio, no hablamos solo de gesti\u00f3n interna: hablamos de recursos p\u00fablicos, de confianza ciudadana y del futuro de nuestra isla \ud83c\udfdd\ufe0f \u00bfQu\u00e9 est\u00e1 en juego? \u2022 Gesti\u00f3n financiera negligente.\u2022 Conflicto de inter\u00e9s.\u2022 Mala administraci\u00f3n municipal. He decidido actuar porque mi compromiso es con la comunidad, no con intereses personales ni con colores pol\u00edticos. Valoro profundamente el liderazgo de la alcaldesa Ar\u00e9valo Pakarati y el trabajo conjunto que hemos impulsado como concejo municipal para esclarecer estos hechos . Este paso no responde a diferencias pol\u00edticas, sino a un deber \u00e9tico con Rapa Nui. La transparencia no es opcional. Es la base para recuperar la confianza y proyectar un futuro s\u00f3lido para nuestra isla Mi compromiso es claro: trabajar con responsabilidad, firmeza y de cara a la comunidad. Por Rapa Nui, siempre. #RapaNui #Transparencia #GestionResponsable #Probidad #ConcejoMunicipal #IvonneNahoe #CompromisoConLaComunidad<\/p>\n","protected":false},"author":1,"featured_media":16025,"comment_status":"closed","ping_status":"open","sticky":false,"template":"","format":"standard","meta":{"footnotes":""},"categories":[77,73],"tags":[],"class_list":["post-16024","post","type-post","status-publish","format-standard","has-post-thumbnail","hentry","category-concejalia","category-noticias"],"_links":{"self":[{"href":"https:\/\/ivonnenahoe.cl\/index.php?rest_route=\/wp\/v2\/posts\/16024","targetHints":{"allow":["GET"]}}],"collection":[{"href":"https:\/\/ivonnenahoe.cl\/index.php?rest_route=\/wp\/v2\/posts"}],"about":[{"href":"https:\/\/ivonnenahoe.cl\/index.php?rest_route=\/wp\/v2\/types\/post"}],"author":[{"embeddable":true,"href":"https:\/\/ivonnenahoe.cl\/index.php?rest_route=\/wp\/v2\/users\/1"}],"replies":[{"embeddable":true,"href":"https:\/\/ivonnenahoe.cl\/index.php?rest_route=%2Fwp%2Fv2%2Fcomments&post=16024"}],"version-history":[{"count":1,"href":"https:\/\/ivonnenahoe.cl\/index.php?rest_route=\/wp\/v2\/posts\/16024\/revisions"}],"predecessor-version":[{"id":16026,"href":"https:\/\/ivonnenahoe.cl\/index.php?rest_route=\/wp\/v2\/posts\/16024\/revisions\/16026"}],"wp:featuredmedia":[{"embeddable":true,"href":"https:\/\/ivonnenahoe.cl\/index.php?rest_route=\/wp\/v2\/media\/16025"}],"wp:attachment":[{"href":"https:\/\/ivonnenahoe.cl\/index.php?rest_route=%2Fwp%2Fv2%2Fmedia&parent=16024"}],"wp:term":[{"taxonomy":"category","embeddable":true,"href":"https:\/\/ivonnenahoe.cl\/index.php?rest_route=%2Fwp%2Fv2%2Fcategories&post=16024"},{"taxonomy":"post_tag","embeddable":true,"href":"https:\/\/ivonnenahoe.cl\/index.php?rest_route=%2Fwp%2Fv2%2Ftags&post=16024"}],"curies":[{"name":"wp","href":"https:\/\/api.w.org\/{rel}","templated":true}]}}