{"id":16072,"date":"2025-10-14T18:00:04","date_gmt":"2025-10-14T18:00:04","guid":{"rendered":"https:\/\/ivonnenahoe.cl\/?p=16072"},"modified":"2026-03-28T01:45:24","modified_gmt":"2026-03-28T01:45:24","slug":"rapa-nui-y-torres-del-paine-fortalecen-su-alianza-por-un-desarrollo-sostenible","status":"publish","type":"post","link":"https:\/\/ivonnenahoe.cl\/?p=16072","title":{"rendered":"Rapa Nui y Torres del Paine fortalecen su alianza por un desarrollo sostenible"},"content":{"rendered":"<p data-start=\"171\" data-end=\"396\">En el marco del aniversario N\u00b045 de la comuna de Torres del Paine, me encuentro participando en una instancia que reafirma el compromiso de colaboraci\u00f3n entre ambos territorios en materias de turismo, cultura y medioambiente.<\/p>\n<p data-start=\"398\" data-end=\"611\">Durante estas jornadas, he tenido la oportunidad de visitar la Escuela Cerro Guido, junto a la alcaldesa y autoridades locales, conociendo experiencias educativas vinculadas al entorno y al desarrollo territorial.<\/p>\n<p data-start=\"613\" data-end=\"970\">Asimismo, he sido parte de la firma de un convenio educativo que busca promover el cuidado y la conservaci\u00f3n del Parque Nacional a trav\u00e9s de c\u00e1psulas audiovisuales dirigidas a ni\u00f1os y ni\u00f1as, iniciativa que involucra a actores del \u00e1mbito p\u00fablico y privado, fortaleciendo el trabajo colaborativo en torno a la educaci\u00f3n y la protecci\u00f3n del patrimonio natural.<\/p>\n<p data-start=\"972\" data-end=\"1153\" data-is-last-node=\"\" data-is-only-node=\"\">Estas instancias permiten generar aprendizajes e intercambios valiosos, proyectando acciones conjuntas que aporten al desarrollo sostenible de <span class=\"hover:entity-accent entity-underline inline cursor-pointer align-baseline\"><span class=\"whitespace-normal\">Rapa Nui<\/span><\/span>.<\/p>\n","protected":false},"excerpt":{"rendered":"<p>En el marco del aniversario N\u00b045 de la comuna de Torres del Paine, me encuentro participando en una instancia que reafirma el compromiso de colaboraci\u00f3n entre ambos territorios en materias de turismo, cultura y medioambiente. Durante estas jornadas, he tenido la oportunidad de visitar la Escuela Cerro Guido, junto a la alcaldesa y autoridades locales, conociendo experiencias educativas vinculadas al entorno y al desarrollo territorial. Asimismo, he sido parte de la firma de un convenio educativo que busca promover el cuidado y la conservaci\u00f3n del Parque Nacional a trav\u00e9s de c\u00e1psulas audiovisuales dirigidas a ni\u00f1os y ni\u00f1as, iniciativa que involucra a actores del \u00e1mbito p\u00fablico y privado, fortaleciendo el trabajo colaborativo en torno a la educaci\u00f3n y la protecci\u00f3n del patrimonio natural. Estas instancias permiten generar aprendizajes e intercambios valiosos, proyectando acciones conjuntas que aporten al desarrollo sostenible de Rapa Nui.<\/p>\n","protected":false},"author":1,"featured_media":16073,"comment_status":"open","ping_status":"open","sticky":false,"template":"","format":"standard","meta":{"footnotes":""},"categories":[77,76],"tags":[],"class_list":["post-16072","post","type-post","status-publish","format-standard","has-post-thumbnail","hentry","category-concejalia","category-turismo"],"_links":{"self":[{"href":"https:\/\/ivonnenahoe.cl\/index.php?rest_route=\/wp\/v2\/posts\/16072","targetHints":{"allow":["GET"]}}],"collection":[{"href":"https:\/\/ivonnenahoe.cl\/index.php?rest_route=\/wp\/v2\/posts"}],"about":[{"href":"https:\/\/ivonnenahoe.cl\/index.php?rest_route=\/wp\/v2\/types\/post"}],"author":[{"embeddable":true,"href":"https:\/\/ivonnenahoe.cl\/index.php?rest_route=\/wp\/v2\/users\/1"}],"replies":[{"embeddable":true,"href":"https:\/\/ivonnenahoe.cl\/index.php?rest_route=%2Fwp%2Fv2%2Fcomments&post=16072"}],"version-history":[{"count":1,"href":"https:\/\/ivonnenahoe.cl\/index.php?rest_route=\/wp\/v2\/posts\/16072\/revisions"}],"predecessor-version":[{"id":16074,"href":"https:\/\/ivonnenahoe.cl\/index.php?rest_route=\/wp\/v2\/posts\/16072\/revisions\/16074"}],"wp:featuredmedia":[{"embeddable":true,"href":"https:\/\/ivonnenahoe.cl\/index.php?rest_route=\/wp\/v2\/media\/16073"}],"wp:attachment":[{"href":"https:\/\/ivonnenahoe.cl\/index.php?rest_route=%2Fwp%2Fv2%2Fmedia&parent=16072"}],"wp:term":[{"taxonomy":"category","embeddable":true,"href":"https:\/\/ivonnenahoe.cl\/index.php?rest_route=%2Fwp%2Fv2%2Fcategories&post=16072"},{"taxonomy":"post_tag","embeddable":true,"href":"https:\/\/ivonnenahoe.cl\/index.php?rest_route=%2Fwp%2Fv2%2Ftags&post=16072"}],"curies":[{"name":"wp","href":"https:\/\/api.w.org\/{rel}","templated":true}]}}