{"id":16099,"date":"2026-04-15T15:31:03","date_gmt":"2026-04-15T15:31:03","guid":{"rendered":"https:\/\/ivonnenahoe.cl\/?p=16099"},"modified":"2026-04-28T15:41:21","modified_gmt":"2026-04-28T15:41:21","slug":"fortaleciendo-la-gestion-municipal-a-traves-de-la-capacitacion-continua","status":"publish","type":"post","link":"https:\/\/ivonnenahoe.cl\/?p=16099","title":{"rendered":"Fortaleciendo la gesti\u00f3n municipal a trav\u00e9s de la capacitaci\u00f3n continua"},"content":{"rendered":"<div class=\"text-base my-auto mx-auto [--thread-content-margin:var(--thread-content-margin-xs,calc(var(--spacing)*4))] @w-sm\/main:[--thread-content-margin:var(--thread-content-margin-sm,calc(var(--spacing)*6))] @w-lg\/main:[--thread-content-margin:var(--thread-content-margin-lg,calc(var(--spacing)*16))] px-(--thread-content-margin)\">\n<div class=\"[--thread-content-max-width:40rem] @w-lg\/main:[--thread-content-max-width:48rem] mx-auto max-w-(--thread-content-max-width) flex-1 group\/turn-messages focus-visible:outline-hidden relative flex w-full min-w-0 flex-col agent-turn\">\n<div class=\"flex max-w-full flex-col gap-4 grow\">\n<div class=\"min-h-8 text-message relative flex w-full flex-col items-end gap-2 text-start break-words whitespace-normal outline-none keyboard-focused:focus-ring [.text-message+&amp;]:mt-1\" dir=\"auto\" data-message-author-role=\"assistant\" data-message-id=\"82e769a6-defe-42f2-abe1-041676282cd9\" data-message-model-slug=\"gpt-5-3\">\n<div class=\"flex w-full flex-col gap-1 empty:hidden\">\n<div class=\"markdown prose dark:prose-invert w-full wrap-break-word light markdown-new-styling\">\n<p data-start=\"0\" data-end=\"315\">Como concejala, considero fundamental la formaci\u00f3n continua como base para fortalecer la gesti\u00f3n p\u00fablica y enfrentar de mejor manera los desaf\u00edos de nuestro territorio. Capacitarse no solo permite adquirir nuevas herramientas, sino tambi\u00e9n responder con mayor eficacia a las necesidades reales de nuestra comunidad.<\/p>\n<p data-start=\"317\" data-end=\"764\">En este contexto, he participado en distintas instancias del Instituto Chileno de Capacitaci\u00f3n Municipal. Durante enero de 2026, asist\u00ed al programa formativo \u201cRol fiscalizador del Concejo Municipal y remoci\u00f3n de autoridades locales\u201d, realizado en la ciudad de Arica. Posteriormente, en marzo de 2026, form\u00e9 parte del curso pr\u00e1ctico \u201cImplementaci\u00f3n de nuevas plantas municipales para t\u00e9cnicos, encargados y especialistas\u201d, desarrollado en Santiago.<\/p>\n<p data-start=\"766\" data-end=\"1040\">Estas jornadas contaron con la participaci\u00f3n de alcaldes, concejales, directivos municipales, jefaturas y asociaciones de funcionarios, lo que permiti\u00f3 generar un valioso intercambio de experiencias, conocimientos y realidades provenientes de distintos territorios del pa\u00eds.<\/p>\n<p data-start=\"1042\" data-end=\"1226\">Este tipo de espacios resulta clave para avanzar hacia una gesti\u00f3n m\u00e1s eficiente, transparente y consciente, fortaleciendo la toma de decisiones con una mirada informada y responsable.<\/p>\n<p data-start=\"1228\" data-end=\"1391\" data-is-last-node=\"\" data-is-only-node=\"\">El compromiso es continuar aprendiendo y perfeccion\u00e1ndose, con el objetivo de contribuir cada d\u00eda a una mejor gesti\u00f3n y al bienestar de nuestros vecinos y vecinas.<\/p>\n<\/div>\n<\/div>\n<\/div>\n<\/div>\n<\/div>\n<\/div>\n","protected":false},"excerpt":{"rendered":"<p>Como concejala, considero fundamental la formaci\u00f3n continua como base para fortalecer la gesti\u00f3n p\u00fablica y enfrentar de mejor manera los desaf\u00edos de nuestro territorio. Capacitarse no solo permite adquirir nuevas herramientas, sino tambi\u00e9n responder con mayor eficacia a las necesidades reales de nuestra comunidad. En este contexto, he participado en distintas instancias del Instituto Chileno de Capacitaci\u00f3n Municipal. Durante enero de 2026, asist\u00ed al programa formativo \u201cRol fiscalizador del Concejo Municipal y remoci\u00f3n de autoridades locales\u201d, realizado en la ciudad de Arica. Posteriormente, en marzo de 2026, form\u00e9 parte del curso pr\u00e1ctico \u201cImplementaci\u00f3n de nuevas plantas municipales para t\u00e9cnicos, encargados y especialistas\u201d, desarrollado en Santiago. Estas jornadas contaron con la participaci\u00f3n de alcaldes, concejales, directivos municipales, jefaturas y asociaciones de funcionarios, lo que permiti\u00f3 generar un valioso intercambio de experiencias, conocimientos y realidades provenientes de distintos territorios del pa\u00eds. Este tipo de espacios resulta clave para avanzar hacia una gesti\u00f3n m\u00e1s eficiente, transparente y consciente, fortaleciendo la toma de decisiones con una mirada informada y responsable. El compromiso es continuar aprendiendo y perfeccion\u00e1ndose, con el objetivo de contribuir cada d\u00eda a una mejor gesti\u00f3n y al bienestar de nuestros vecinos y vecinas.<\/p>\n","protected":false},"author":1,"featured_media":16100,"comment_status":"open","ping_status":"open","sticky":false,"template":"","format":"standard","meta":{"footnotes":""},"categories":[77,73],"tags":[],"class_list":["post-16099","post","type-post","status-publish","format-standard","has-post-thumbnail","hentry","category-concejalia","category-noticias"],"_links":{"self":[{"href":"https:\/\/ivonnenahoe.cl\/index.php?rest_route=\/wp\/v2\/posts\/16099","targetHints":{"allow":["GET"]}}],"collection":[{"href":"https:\/\/ivonnenahoe.cl\/index.php?rest_route=\/wp\/v2\/posts"}],"about":[{"href":"https:\/\/ivonnenahoe.cl\/index.php?rest_route=\/wp\/v2\/types\/post"}],"author":[{"embeddable":true,"href":"https:\/\/ivonnenahoe.cl\/index.php?rest_route=\/wp\/v2\/users\/1"}],"replies":[{"embeddable":true,"href":"https:\/\/ivonnenahoe.cl\/index.php?rest_route=%2Fwp%2Fv2%2Fcomments&post=16099"}],"version-history":[{"count":1,"href":"https:\/\/ivonnenahoe.cl\/index.php?rest_route=\/wp\/v2\/posts\/16099\/revisions"}],"predecessor-version":[{"id":16101,"href":"https:\/\/ivonnenahoe.cl\/index.php?rest_route=\/wp\/v2\/posts\/16099\/revisions\/16101"}],"wp:featuredmedia":[{"embeddable":true,"href":"https:\/\/ivonnenahoe.cl\/index.php?rest_route=\/wp\/v2\/media\/16100"}],"wp:attachment":[{"href":"https:\/\/ivonnenahoe.cl\/index.php?rest_route=%2Fwp%2Fv2%2Fmedia&parent=16099"}],"wp:term":[{"taxonomy":"category","embeddable":true,"href":"https:\/\/ivonnenahoe.cl\/index.php?rest_route=%2Fwp%2Fv2%2Fcategories&post=16099"},{"taxonomy":"post_tag","embeddable":true,"href":"https:\/\/ivonnenahoe.cl\/index.php?rest_route=%2Fwp%2Fv2%2Ftags&post=16099"}],"curies":[{"name":"wp","href":"https:\/\/api.w.org\/{rel}","templated":true}]}}