{"id":16106,"date":"2026-04-27T15:48:35","date_gmt":"2026-04-27T15:48:35","guid":{"rendered":"https:\/\/ivonnenahoe.cl\/?p=16106"},"modified":"2026-04-28T15:49:24","modified_gmt":"2026-04-28T15:49:24","slug":"ceremonia-aniversario-de-carabineros-de-chile","status":"publish","type":"post","link":"https:\/\/ivonnenahoe.cl\/?p=16106","title":{"rendered":"Ceremonia Aniversario de Carabineros de Chile"},"content":{"rendered":"<p data-start=\"41\" data-end=\"325\">En el marco del aniversario de Carabineros de Chile, tuve el honor de acompa\u00f1ar esta significativa ceremonia en la 6\u00aa Comisar\u00eda de Rapa Nui, instancia que permiti\u00f3 reconocer el compromiso y la vocaci\u00f3n de servicio de quienes trabajan diariamente por la seguridad de nuestra comunidad.<\/p>\n<p data-start=\"327\" data-end=\"617\">La jornada estuvo marcada por momentos de gran emoci\u00f3n, destacando el ascenso al grado de Cabo 2\u00b0 de Victoria Jara Escobar, Luz Mancilla Guti\u00e9rrez y Ra\u00fal Gonz\u00e1lez Herrera. Este importante logro refleja el esfuerzo, la constancia y la dedicaci\u00f3n con que cada uno de ellos desempe\u00f1a su labor.<\/p>\n<p data-start=\"619\" data-end=\"808\">Asimismo, es fundamental reconocer el rol de sus familias, quienes constituyen un apoyo esencial en este camino, acompa\u00f1ando con compromiso, comprensi\u00f3n y cercan\u00eda cada uno de sus desaf\u00edos.<\/p>\n<p data-start=\"810\" data-end=\"985\">Como concejala, valoro profundamente el trabajo que realiza Carabineros en nuestro territorio, contribuyendo al bienestar, la seguridad y la tranquilidad de nuestras familias.<\/p>\n<p data-start=\"987\" data-end=\"995\">Maururu.<\/p>\n<p data-start=\"997\" data-end=\"1021\" data-is-last-node=\"\" data-is-only-node=\"\">Ivonne Nahoe<br data-start=\"1009\" data-end=\"1012\" \/>Concejala<\/p>\n","protected":false},"excerpt":{"rendered":"<p>En el marco del aniversario de Carabineros de Chile, tuve el honor de acompa\u00f1ar esta significativa ceremonia en la 6\u00aa Comisar\u00eda de Rapa Nui, instancia que permiti\u00f3 reconocer el compromiso y la vocaci\u00f3n de servicio de quienes trabajan diariamente por la seguridad de nuestra comunidad. La jornada estuvo marcada por momentos de gran emoci\u00f3n, destacando el ascenso al grado de Cabo 2\u00b0 de Victoria Jara Escobar, Luz Mancilla Guti\u00e9rrez y Ra\u00fal Gonz\u00e1lez Herrera. Este importante logro refleja el esfuerzo, la constancia y la dedicaci\u00f3n con que cada uno de ellos desempe\u00f1a su labor. Asimismo, es fundamental reconocer el rol de sus familias, quienes constituyen un apoyo esencial en este camino, acompa\u00f1ando con compromiso, comprensi\u00f3n y cercan\u00eda cada uno de sus desaf\u00edos. Como concejala, valoro profundamente el trabajo que realiza Carabineros en nuestro territorio, contribuyendo al bienestar, la seguridad y la tranquilidad de nuestras familias. Maururu. Ivonne NahoeConcejala<\/p>\n","protected":false},"author":1,"featured_media":16107,"comment_status":"open","ping_status":"open","sticky":false,"template":"","format":"standard","meta":{"footnotes":""},"categories":[1],"tags":[],"class_list":["post-16106","post","type-post","status-publish","format-standard","has-post-thumbnail","hentry","category-uncategorized"],"_links":{"self":[{"href":"https:\/\/ivonnenahoe.cl\/index.php?rest_route=\/wp\/v2\/posts\/16106","targetHints":{"allow":["GET"]}}],"collection":[{"href":"https:\/\/ivonnenahoe.cl\/index.php?rest_route=\/wp\/v2\/posts"}],"about":[{"href":"https:\/\/ivonnenahoe.cl\/index.php?rest_route=\/wp\/v2\/types\/post"}],"author":[{"embeddable":true,"href":"https:\/\/ivonnenahoe.cl\/index.php?rest_route=\/wp\/v2\/users\/1"}],"replies":[{"embeddable":true,"href":"https:\/\/ivonnenahoe.cl\/index.php?rest_route=%2Fwp%2Fv2%2Fcomments&post=16106"}],"version-history":[{"count":1,"href":"https:\/\/ivonnenahoe.cl\/index.php?rest_route=\/wp\/v2\/posts\/16106\/revisions"}],"predecessor-version":[{"id":16108,"href":"https:\/\/ivonnenahoe.cl\/index.php?rest_route=\/wp\/v2\/posts\/16106\/revisions\/16108"}],"wp:featuredmedia":[{"embeddable":true,"href":"https:\/\/ivonnenahoe.cl\/index.php?rest_route=\/wp\/v2\/media\/16107"}],"wp:attachment":[{"href":"https:\/\/ivonnenahoe.cl\/index.php?rest_route=%2Fwp%2Fv2%2Fmedia&parent=16106"}],"wp:term":[{"taxonomy":"category","embeddable":true,"href":"https:\/\/ivonnenahoe.cl\/index.php?rest_route=%2Fwp%2Fv2%2Fcategories&post=16106"},{"taxonomy":"post_tag","embeddable":true,"href":"https:\/\/ivonnenahoe.cl\/index.php?rest_route=%2Fwp%2Fv2%2Ftags&post=16106"}],"curies":[{"name":"wp","href":"https:\/\/api.w.org\/{rel}","templated":true}]}}