{"id":16109,"date":"2026-04-30T04:07:20","date_gmt":"2026-04-30T04:07:20","guid":{"rendered":"https:\/\/ivonnenahoe.cl\/?p=16109"},"modified":"2026-04-30T04:07:20","modified_gmt":"2026-04-30T04:07:20","slug":"cuenta-publica-gestion-municipal-2025-se-realizara-este-30-de-abril-en-rapa-nui","status":"publish","type":"post","link":"https:\/\/ivonnenahoe.cl\/?p=16109","title":{"rendered":"Cuenta P\u00fablica Gesti\u00f3n Municipal 2025 se realizar\u00e1 este 30 de abril en Rapa Nui"},"content":{"rendered":"<p data-start=\"226\" data-end=\"436\">El jueves 30 de abril, en sesi\u00f3n extraordinaria del Concejo Municipal, la Tavana, Sra. Elizabeth Ar\u00e9valo Pakarati, presentar\u00e1 ante el concejo y la comunidad la <strong data-start=\"386\" data-end=\"433\">Cuenta P\u00fablica de la Gesti\u00f3n Municipal 2025<\/strong>.<\/p>\n<p data-start=\"438\" data-end=\"649\">En esta instancia se dar\u00e1 a conocer el estado de la gesti\u00f3n comunal, incluyendo las finanzas municipales, los proyectos de inversi\u00f3n ejecutados durante el a\u00f1o y los principales desaf\u00edos que enfrenta la comuna.<\/p>\n<p data-start=\"651\" data-end=\"1019\">La cuenta p\u00fablica es un proceso anual obligatorio, establecido en la Ley N\u00b0 18.695, Org\u00e1nica Constitucional de Municipalidades, que debe realizarse a m\u00e1s tardar el 30 de abril de cada a\u00f1o. Este acto da cumplimiento a la normativa vigente y constituye un ejercicio fundamental de transparencia, acceso a la informaci\u00f3n y fortalecimiento de la participaci\u00f3n ciudadana.<\/p>\n<p data-start=\"1021\" data-end=\"1222\">Desde el Concejo Municipal, se destaca la importancia de estos espacios como una herramienta clave para avanzar hacia un Rapa Nui m\u00e1s informado, participativo y en armon\u00eda con su identidad y cultura.<\/p>\n<p data-start=\"1224\" data-end=\"1372\">La comunidad est\u00e1 invitada a informarse y ser parte de este importante proceso, que contribuye al desarrollo y fortalecimiento de la vida comunal.<\/p>\n","protected":false},"excerpt":{"rendered":"<p>El jueves 30 de abril, en sesi\u00f3n extraordinaria del Concejo Municipal, la Tavana, Sra. Elizabeth Ar\u00e9valo Pakarati, presentar\u00e1 ante el concejo y la comunidad la Cuenta P\u00fablica de la Gesti\u00f3n Municipal 2025. En esta instancia se dar\u00e1 a conocer el estado de la gesti\u00f3n comunal, incluyendo las finanzas municipales, los proyectos de inversi\u00f3n ejecutados durante el a\u00f1o y los principales desaf\u00edos que enfrenta la comuna. La cuenta p\u00fablica es un proceso anual obligatorio, establecido en la Ley N\u00b0 18.695, Org\u00e1nica Constitucional de Municipalidades, que debe realizarse a m\u00e1s tardar el 30 de abril de cada a\u00f1o. Este acto da cumplimiento a la normativa vigente y constituye un ejercicio fundamental de transparencia, acceso a la informaci\u00f3n y fortalecimiento de la participaci\u00f3n ciudadana. Desde el Concejo Municipal, se destaca la importancia de estos espacios como una herramienta clave para avanzar hacia un Rapa Nui m\u00e1s informado, participativo y en armon\u00eda con su identidad y cultura. La comunidad est\u00e1 invitada a informarse y ser parte de este importante proceso, que contribuye al desarrollo y fortalecimiento de la vida comunal.<\/p>\n","protected":false},"author":1,"featured_media":16110,"comment_status":"open","ping_status":"open","sticky":false,"template":"","format":"standard","meta":{"footnotes":""},"categories":[75,77,73,78],"tags":[],"class_list":["post-16109","post","type-post","status-publish","format-standard","has-post-thumbnail","hentry","category-comunidad","category-concejalia","category-noticias","category-protocolares"],"_links":{"self":[{"href":"https:\/\/ivonnenahoe.cl\/index.php?rest_route=\/wp\/v2\/posts\/16109","targetHints":{"allow":["GET"]}}],"collection":[{"href":"https:\/\/ivonnenahoe.cl\/index.php?rest_route=\/wp\/v2\/posts"}],"about":[{"href":"https:\/\/ivonnenahoe.cl\/index.php?rest_route=\/wp\/v2\/types\/post"}],"author":[{"embeddable":true,"href":"https:\/\/ivonnenahoe.cl\/index.php?rest_route=\/wp\/v2\/users\/1"}],"replies":[{"embeddable":true,"href":"https:\/\/ivonnenahoe.cl\/index.php?rest_route=%2Fwp%2Fv2%2Fcomments&post=16109"}],"version-history":[{"count":1,"href":"https:\/\/ivonnenahoe.cl\/index.php?rest_route=\/wp\/v2\/posts\/16109\/revisions"}],"predecessor-version":[{"id":16111,"href":"https:\/\/ivonnenahoe.cl\/index.php?rest_route=\/wp\/v2\/posts\/16109\/revisions\/16111"}],"wp:featuredmedia":[{"embeddable":true,"href":"https:\/\/ivonnenahoe.cl\/index.php?rest_route=\/wp\/v2\/media\/16110"}],"wp:attachment":[{"href":"https:\/\/ivonnenahoe.cl\/index.php?rest_route=%2Fwp%2Fv2%2Fmedia&parent=16109"}],"wp:term":[{"taxonomy":"category","embeddable":true,"href":"https:\/\/ivonnenahoe.cl\/index.php?rest_route=%2Fwp%2Fv2%2Fcategories&post=16109"},{"taxonomy":"post_tag","embeddable":true,"href":"https:\/\/ivonnenahoe.cl\/index.php?rest_route=%2Fwp%2Fv2%2Ftags&post=16109"}],"curies":[{"name":"wp","href":"https:\/\/api.w.org\/{rel}","templated":true}]}}