{"id":16112,"date":"2026-04-30T04:58:42","date_gmt":"2026-04-30T04:58:42","guid":{"rendered":"https:\/\/ivonnenahoe.cl\/?p=16112"},"modified":"2026-04-30T05:00:15","modified_gmt":"2026-04-30T05:00:15","slug":"proyectos-de-mejoramiento-urbano-avanzan-en-beneficio-de-la-comunidad-de-rapa-nui","status":"publish","type":"post","link":"https:\/\/ivonnenahoe.cl\/?p=16112","title":{"rendered":"Proyectos de mejoramiento urbano avanzan en beneficio de la comunidad de Rapa Nui"},"content":{"rendered":"<p data-start=\"174\" data-end=\"492\">En el marco de los compromisos con el desarrollo comunal, se concreta la firma con la empresa constructora de Cornelio Tuki Pakomio, dando inicio a los trabajos en Atamu Tekena. Este hito marca un nuevo avance en el desarrollo de la comuna, con una mirada centrada en el progreso y el respeto por la identidad local.<\/p>\n<p data-start=\"494\" data-end=\"892\">La adjudicaci\u00f3n de esta obra a una empresa de Rapa Nui resulta especialmente significativa, ya que contribuye al fortalecimiento de la econom\u00eda local y prioriza la contrataci\u00f3n de mano de obra de la isla. De esta manera, no solo se avanza en infraestructura, sino que tambi\u00e9n se generan oportunidades concretas para las familias, incorporando adem\u00e1s nuevas tecnolog\u00edas al servicio del territorio.<\/p>\n<p data-start=\"894\" data-end=\"1346\">Durante esta instancia participaron los responsables de la obra de reposici\u00f3n de la avenida principal Atamu Tekena, tramo 1, Cornelio Tuki y Juan Pakomio, junto al director de Obras Municipales de la Municipalidad de Rapa Nui, Andy McDonalds. En conjunto, se realiz\u00f3 una inspecci\u00f3n inicial de los trabajos, con el objetivo de asegurar el cumplimiento de los est\u00e1ndares establecidos y reforzar el compromiso con un desarrollo responsable y de calidad.<\/p>\n<p data-start=\"1348\" data-end=\"1556\">El avance de estas iniciativas refleja la importancia del trabajo colaborativo y el enfoque en el desarrollo sostenible de Rapa Nui, promoviendo mejoras en la calidad de vida y el bienestar de la comunidad.<\/p>\n","protected":false},"excerpt":{"rendered":"<p>En el marco de los compromisos con el desarrollo comunal, se concreta la firma con la empresa constructora de Cornelio Tuki Pakomio, dando inicio a los trabajos en Atamu Tekena. Este hito marca un nuevo avance en el desarrollo de la comuna, con una mirada centrada en el progreso y el respeto por la identidad local. La adjudicaci\u00f3n de esta obra a una empresa de Rapa Nui resulta especialmente significativa, ya que contribuye al fortalecimiento de la econom\u00eda local y prioriza la contrataci\u00f3n de mano de obra de la isla. De esta manera, no solo se avanza en infraestructura, sino que tambi\u00e9n se generan oportunidades concretas para las familias, incorporando adem\u00e1s nuevas tecnolog\u00edas al servicio del territorio. Durante esta instancia participaron los responsables de la obra de reposici\u00f3n de la avenida principal Atamu Tekena, tramo 1, Cornelio Tuki y Juan Pakomio, junto al director de Obras Municipales de la Municipalidad de Rapa Nui, Andy McDonalds. En conjunto, se realiz\u00f3 una inspecci\u00f3n inicial de los trabajos, con el objetivo de asegurar el cumplimiento de los est\u00e1ndares establecidos y reforzar el compromiso con un desarrollo responsable y de calidad. El avance de estas iniciativas refleja la importancia del trabajo colaborativo y el [&hellip;]<\/p>\n","protected":false},"author":1,"featured_media":16115,"comment_status":"open","ping_status":"open","sticky":false,"template":"","format":"standard","meta":{"footnotes":""},"categories":[75,73,78],"tags":[],"class_list":["post-16112","post","type-post","status-publish","format-standard","has-post-thumbnail","hentry","category-comunidad","category-noticias","category-protocolares"],"_links":{"self":[{"href":"https:\/\/ivonnenahoe.cl\/index.php?rest_route=\/wp\/v2\/posts\/16112","targetHints":{"allow":["GET"]}}],"collection":[{"href":"https:\/\/ivonnenahoe.cl\/index.php?rest_route=\/wp\/v2\/posts"}],"about":[{"href":"https:\/\/ivonnenahoe.cl\/index.php?rest_route=\/wp\/v2\/types\/post"}],"author":[{"embeddable":true,"href":"https:\/\/ivonnenahoe.cl\/index.php?rest_route=\/wp\/v2\/users\/1"}],"replies":[{"embeddable":true,"href":"https:\/\/ivonnenahoe.cl\/index.php?rest_route=%2Fwp%2Fv2%2Fcomments&post=16112"}],"version-history":[{"count":1,"href":"https:\/\/ivonnenahoe.cl\/index.php?rest_route=\/wp\/v2\/posts\/16112\/revisions"}],"predecessor-version":[{"id":16114,"href":"https:\/\/ivonnenahoe.cl\/index.php?rest_route=\/wp\/v2\/posts\/16112\/revisions\/16114"}],"wp:featuredmedia":[{"embeddable":true,"href":"https:\/\/ivonnenahoe.cl\/index.php?rest_route=\/wp\/v2\/media\/16115"}],"wp:attachment":[{"href":"https:\/\/ivonnenahoe.cl\/index.php?rest_route=%2Fwp%2Fv2%2Fmedia&parent=16112"}],"wp:term":[{"taxonomy":"category","embeddable":true,"href":"https:\/\/ivonnenahoe.cl\/index.php?rest_route=%2Fwp%2Fv2%2Fcategories&post=16112"},{"taxonomy":"post_tag","embeddable":true,"href":"https:\/\/ivonnenahoe.cl\/index.php?rest_route=%2Fwp%2Fv2%2Ftags&post=16112"}],"curies":[{"name":"wp","href":"https:\/\/api.w.org\/{rel}","templated":true}]}}